{"id":24813,"date":"2026-04-23T12:01:23","date_gmt":"2026-04-23T15:01:23","guid":{"rendered":"https:\/\/atitudenoticias.com.br\/?p=24813"},"modified":"2026-04-23T20:59:50","modified_gmt":"2026-04-23T23:59:50","slug":"feira-de-santana-a-10a-cidade-mais-violenta-do-brasil","status":"publish","type":"post","link":"http:\/\/atitudenoticias.com.br\/?p=24813","title":{"rendered":"Feira de Santana: a 10\u00aa cidade mais violenta do Brasil"},"content":{"rendered":"\n<p><\/p>\n\n\n\n<p><em><strong>Segundo a 19\u00aa Edi\u00e7\u00e3o do Anu\u00e1rio Brasileiro de Seguran\u00e7a P\u00fablica 2025, na lista das 10 cidades mais perigosas do Brasil e suas respectivas taxas de mortes violentas intencionais por 100 mil habitantes est\u00e1 Feira de Santana, em 10\u00aa posi\u00e7\u00e3o, com 65,2 por 100 mil habitantes. Entre as 10 cidades mais violentas cinco s\u00e3o da Bahia: Jequi\u00e9 (2\u00aa), Juazeiro (3\u00aa) Cama\u00e7ari (4\u00aa) e Sim\u00f5es Filho (7\u00aa). Essa \u00e9 a pesquisa mais recente e v\u00e1lida, at\u00e9 o momento, para 2026. Interessante \u00e9 que todas as dez cidades s\u00e3o do Nordeste, sendo ainda tr\u00eas do Cear\u00e1 [Maranguape, Caucaia e Maracana\u00fa] e duas de Pernambuco [Cabo de Santo Agostinho e S\u00e3o Louren\u00e7o da Mata].<\/strong><\/em><\/p>\n\n\n\n<p><strong><em>Feira de Santana<\/em><\/strong><\/p>\n\n\n\n<p><em><strong>Feira de Santana fecha a lista das 10 cidades mais perigosas do Brasil com um progresso: na pesquisa do ano anterior, a cidade baiana ocupava a sexta posi\u00e7\u00e3o. A cidade apresentou redu\u00e7\u00e3o de 6,5% em v\u00edtimas, mas segue com a taxa elevada de 65,2 mortes por 100 mil habitantes.<\/strong><\/em><\/p>\n\n\n\n<p><em>(Por: Jair Onofre\/Bahia na Politica)<\/em><\/p>\n","protected":false},"excerpt":{"rendered":"<p>Segundo a 19\u00aa Edi\u00e7\u00e3o do Anu\u00e1rio Brasileiro de Seguran\u00e7a P\u00fablica 2025, na lista das 10&hellip;<\/p>\n","protected":false},"author":2,"featured_media":23715,"comment_status":"open","ping_status":"open","sticky":false,"template":"","format":"standard","meta":{"footnotes":""},"categories":[58],"tags":[],"class_list":["post-24813","post","type-post","status-publish","format-standard","has-post-thumbnail","hentry","category-feira-de-santana"],"_links":{"self":[{"href":"http:\/\/atitudenoticias.com.br\/index.php?rest_route=\/wp\/v2\/posts\/24813","targetHints":{"allow":["GET"]}}],"collection":[{"href":"http:\/\/atitudenoticias.com.br\/index.php?rest_route=\/wp\/v2\/posts"}],"about":[{"href":"http:\/\/atitudenoticias.com.br\/index.php?rest_route=\/wp\/v2\/types\/post"}],"author":[{"embeddable":true,"href":"http:\/\/atitudenoticias.com.br\/index.php?rest_route=\/wp\/v2\/users\/2"}],"replies":[{"embeddable":true,"href":"http:\/\/atitudenoticias.com.br\/index.php?rest_route=%2Fwp%2Fv2%2Fcomments&post=24813"}],"version-history":[{"count":1,"href":"http:\/\/atitudenoticias.com.br\/index.php?rest_route=\/wp\/v2\/posts\/24813\/revisions"}],"predecessor-version":[{"id":24814,"href":"http:\/\/atitudenoticias.com.br\/index.php?rest_route=\/wp\/v2\/posts\/24813\/revisions\/24814"}],"wp:featuredmedia":[{"embeddable":true,"href":"http:\/\/atitudenoticias.com.br\/index.php?rest_route=\/wp\/v2\/media\/23715"}],"wp:attachment":[{"href":"http:\/\/atitudenoticias.com.br\/index.php?rest_route=%2Fwp%2Fv2%2Fmedia&parent=24813"}],"wp:term":[{"taxonomy":"category","embeddable":true,"href":"http:\/\/atitudenoticias.com.br\/index.php?rest_route=%2Fwp%2Fv2%2Fcategories&post=24813"},{"taxonomy":"post_tag","embeddable":true,"href":"http:\/\/atitudenoticias.com.br\/index.php?rest_route=%2Fwp%2Fv2%2Ftags&post=24813"}],"curies":[{"name":"wp","href":"https:\/\/api.w.org\/{rel}","templated":true}]}}