{"id":10014,"date":"2023-05-23T23:05:05","date_gmt":"2023-05-24T02:05:05","guid":{"rendered":"http:\/\/atitudenoticias.com.br\/?p=10014"},"modified":"2023-05-23T23:06:18","modified_gmt":"2023-05-24T02:06:18","slug":"iniciada-reforma-do-parque-de-exposicao-joao-martins-da-silva","status":"publish","type":"post","link":"https:\/\/atitudenoticias.com.br\/?p=10014","title":{"rendered":"Iniciada reforma do Parque de Exposi\u00e7\u00e3o Jo\u00e3o Martins da Silva"},"content":{"rendered":"\n<p><em><strong>Equipamento estar\u00e1 pronto para a Expofeira 2023<\/strong><\/em><\/p>\n\n\n\n<p>Foi autorizado nesta ter\u00e7a-feira (23) o in\u00edcio das obras de reforma do Parque de Exposi\u00e7\u00e3o Jo\u00e3o Martins da Silva. O secret\u00e1rio de Agricultura, Pedro Am\u00e9rico, e o superintendente de Opera\u00e7\u00f5es e Manuten\u00e7\u00e3o (SOMA), Jo\u00e3o Vianey, estiveram no local para acompanhar o trabalho.<\/p>\n\n\n\n<p>O in\u00edcio das obras, que havia sido programado pelo prefeito Colbert Filho desde o ano passado, estava dependendo da defini\u00e7\u00e3o da Via Bahia, concession\u00e1ria respons\u00e1vel pela BR-324, acerca dos limites da faixa de dom\u00ednio para constru\u00e7\u00f5es pr\u00f3ximas \u00e0 rodovia federal.<\/p>\n\n\n\n<blockquote class=\"wp-block-quote is-layout-flow wp-block-quote-is-layout-flow\">\n<p>&#8220;Hoje \u00e9 o come\u00e7o da reforma completa do Parque de Exposi\u00e7\u00f5es de Feira de Santana, algo que temos buscado desde que assumimos a gest\u00e3o da SEAGRI. Estamos em constante di\u00e1logo com o prefeito, a SOMA e estudando a melhor forma de criar uma estrutura que acomode melhor os eventos e as pessoas&#8221;, informou Pedro Am\u00e9rico.<\/p>\n<\/blockquote>\n\n\n\n<p>As obras incluem a demoli\u00e7\u00e3o e a implanta\u00e7\u00e3o de novos banheiros, reforma dos galp\u00f5es, reconstru\u00e7\u00e3o total do muro frontal, do embarcadouro, das pistas de competi\u00e7\u00f5es e da via marginal de acesso \u00e0 BR 324, al\u00e9m de outras medidas de manuten\u00e7\u00e3o necess\u00e1rias.<\/p>\n\n\n\n<p>Pedro acredita que o equipamento estar\u00e1 totalmente revitalizado para a Expofeira 2023.\u00a0<em>&#8220;Agrade\u00e7o ao prefeito Colbert Martins Filho, que tem apoiado nossos projetos, e juntos, vamos entregar esse presente para a cidade. A Expofeira deste ano j\u00e1 poder\u00e1 contar com um espa\u00e7o completamente renovado&#8221;<\/em>, concluiu o secret\u00e1rio de Agricultura.<\/p>\n\n\n\n<p><em><strong>(SECOM\/PMFS &#8211; Fotos: Adriele Merc\u00eas)<\/strong><\/em><\/p>\n","protected":false},"excerpt":{"rendered":"<p>Equipamento estar\u00e1 pronto para a Expofeira 2023 Foi autorizado nesta ter\u00e7a-feira (23) o in\u00edcio das&hellip;<\/p>\n","protected":false},"author":2,"featured_media":10015,"comment_status":"open","ping_status":"open","sticky":false,"template":"","format":"standard","meta":{"footnotes":""},"categories":[58],"tags":[],"class_list":["post-10014","post","type-post","status-publish","format-standard","has-post-thumbnail","hentry","category-feira-de-santana"],"_links":{"self":[{"href":"https:\/\/atitudenoticias.com.br\/index.php?rest_route=\/wp\/v2\/posts\/10014","targetHints":{"allow":["GET"]}}],"collection":[{"href":"https:\/\/atitudenoticias.com.br\/index.php?rest_route=\/wp\/v2\/posts"}],"about":[{"href":"https:\/\/atitudenoticias.com.br\/index.php?rest_route=\/wp\/v2\/types\/post"}],"author":[{"embeddable":true,"href":"https:\/\/atitudenoticias.com.br\/index.php?rest_route=\/wp\/v2\/users\/2"}],"replies":[{"embeddable":true,"href":"https:\/\/atitudenoticias.com.br\/index.php?rest_route=%2Fwp%2Fv2%2Fcomments&post=10014"}],"version-history":[{"count":1,"href":"https:\/\/atitudenoticias.com.br\/index.php?rest_route=\/wp\/v2\/posts\/10014\/revisions"}],"predecessor-version":[{"id":10016,"href":"https:\/\/atitudenoticias.com.br\/index.php?rest_route=\/wp\/v2\/posts\/10014\/revisions\/10016"}],"wp:featuredmedia":[{"embeddable":true,"href":"https:\/\/atitudenoticias.com.br\/index.php?rest_route=\/wp\/v2\/media\/10015"}],"wp:attachment":[{"href":"https:\/\/atitudenoticias.com.br\/index.php?rest_route=%2Fwp%2Fv2%2Fmedia&parent=10014"}],"wp:term":[{"taxonomy":"category","embeddable":true,"href":"https:\/\/atitudenoticias.com.br\/index.php?rest_route=%2Fwp%2Fv2%2Fcategories&post=10014"},{"taxonomy":"post_tag","embeddable":true,"href":"https:\/\/atitudenoticias.com.br\/index.php?rest_route=%2Fwp%2Fv2%2Ftags&post=10014"}],"curies":[{"name":"wp","href":"https:\/\/api.w.org\/{rel}","templated":true}]}}