{"id":10372,"date":"2023-06-28T01:07:06","date_gmt":"2023-06-28T04:07:06","guid":{"rendered":"http:\/\/atitudenoticias.com.br\/?p=10372"},"modified":"2023-06-28T01:07:14","modified_gmt":"2023-06-28T04:07:14","slug":"com-40-emendas-a-ldo-vereadores-querem-garantir-investimentos-da-prefeitura-na-cidade-e-distritos","status":"publish","type":"post","link":"https:\/\/atitudenoticias.com.br\/?p=10372","title":{"rendered":"Com 40 emendas \u00e0 LDO, vereadores querem garantir investimentos da Prefeitura na cidade e distritos"},"content":{"rendered":"\n<p>Algumas das propostas de emenda ao Projeto de Lei das Diretrizes Or\u00e7ament\u00e1rias (LDO), para o exerc\u00edcio financeiro de 2024, foram apresentadas na sess\u00e3o desta ter\u00e7a (27), da C\u00e2mara&nbsp; de Feira de Santana. Ao todo, os vereadores protocolaram 40, com o objetivo de garantir que a Lei Or\u00e7ament\u00e1ria Anual (LOA), a ser elaborada no segundo semestre, atenda aos&nbsp; anseios da popula\u00e7\u00e3o. Duas das emendas, apresentadas por Silvio Dias (PT) e Edvaldo Lima (MDB), defendem o direcionamento de recursos para a constru\u00e7\u00e3o de um hospital municipal pela Prefeitura. Desta forma, eles acreditam que o chefe do Governo, Colbert Martins Filho, possa iniciar, em 2024, a constru\u00e7\u00e3o do equipamento, uma de suas promessas de campanha. Silvio tamb\u00e9m anunciou emendas que visam fortalecer a aten\u00e7\u00e3o prim\u00e1ria na sa\u00fade, garantir o pagamento do piso salarial da enfermagem, criar novos cargos e possibilitar a convoca\u00e7\u00e3o dos aprovados no concurso p\u00fablico de 2012.&nbsp;<\/p>\n\n\n\n<p>A cria\u00e7\u00e3o e provimento de cargos efetivos, para possibilitar a realiza\u00e7\u00e3o de concursos p\u00fablicos em 2024, est\u00e3o previstos em emendas do vereador Professor Ivamberg (PT) em conjunto com os demais parlamentares da oposi\u00e7\u00e3o. Uma delas prev\u00ea a realiza\u00e7\u00e3o de concursos para o preenchimento de vagas em diversas \u00e1reas. A segunda, disp\u00f5e sobre a dota\u00e7\u00e3o para as despesas para a contrata\u00e7\u00e3o de pessoal por concurso p\u00fablico. Os servidores que j\u00e1 atuam no munic\u00edpio tamb\u00e9m podem ser beneficiados com as altera\u00e7\u00f5es propostas \u00e0 LDO. Uma emenda de Jhonatas Monteiro prev\u00ea a cria\u00e7\u00e3o ou reestrutura\u00e7\u00e3o dos planos de carreira. Assim, os profissionais poder\u00e3o ter, regulamentados, um conjunto de normas que valorizem suas atividades.&nbsp;<\/p>\n\n\n\n<p>Outra proposta citada pelo vereador do PSOL inclui, entre as prioridades para o exerc\u00edcio financeiro de 2024, o enfrentamento ao racismo. Para ampliar a participa\u00e7\u00e3o popular na elabora\u00e7\u00e3o da LOA, uma emenda estabelece a meta de realizar audi\u00eancias p\u00fablicas na sede de Feira de Santana e em todos os seus distritos. Conforme Jhonatas, estas reuni\u00f5es devem ser feitas em dias e hor\u00e1rios que os trabalhadores possam participar. Outra emenda protocolada pelo vereador tem o objetivo de oferecer maior transpar\u00eancia nos repasses feitos pelo Munic\u00edpio \u00e0s pessoas f\u00edsicas. Se aprovada, a Prefeitura dever\u00e1 publicar, a cada seis meses, dados sobre estas movimenta\u00e7\u00f5es.&nbsp;<\/p>\n\n\n\n<p>ZONA RURAL<\/p>\n\n\n\n<p>Algumas das reivindica\u00e7\u00f5es das comunidades s\u00e3o o foco de emendas do vereador Jurandy Carvalho.\u00a0 Natural do distrito Governador Jo\u00e3o Durval, ele prop\u00f5e acrescentar na LDO a cria\u00e7\u00e3o de projetos\u00a0 na Secretaria Municipal de Agricultura, manuten\u00e7\u00e3o do servi\u00e7o t\u00e9cnico-administrativo, fomento \u00e0 pecu\u00e1ria, qualifica\u00e7\u00e3o da educa\u00e7\u00e3o no campo, fortalecimento da agricultura familiar, recursos h\u00eddricos para o campo, apoio \u00e0 piscicultura, \u00e0 produ\u00e7\u00e3o de frutas e polpas, manuten\u00e7\u00e3o de \u00e1reas p\u00fablicas rurais, an\u00e1lise de solo e turismo rural. Tamb\u00e9m adiciona a organiza\u00e7\u00e3o e padroniza\u00e7\u00e3o da gest\u00e3o das feiras livres, de mercados municipais, do Centro de Abastecimento, Campo do Gado, festejos t\u00edpicos e feiras da agricultura familiar.<\/p>\n\n\n\n<p><strong><em>(Ascom\/CMFS)<\/em><\/strong><\/p>\n","protected":false},"excerpt":{"rendered":"<p>Algumas das propostas de emenda ao Projeto de Lei das Diretrizes Or\u00e7ament\u00e1rias (LDO), para o&hellip;<\/p>\n","protected":false},"author":2,"featured_media":10373,"comment_status":"open","ping_status":"open","sticky":false,"template":"","format":"standard","meta":{"footnotes":""},"categories":[58,30],"tags":[],"class_list":["post-10372","post","type-post","status-publish","format-standard","has-post-thumbnail","hentry","category-feira-de-santana","category-politica"],"_links":{"self":[{"href":"https:\/\/atitudenoticias.com.br\/index.php?rest_route=\/wp\/v2\/posts\/10372","targetHints":{"allow":["GET"]}}],"collection":[{"href":"https:\/\/atitudenoticias.com.br\/index.php?rest_route=\/wp\/v2\/posts"}],"about":[{"href":"https:\/\/atitudenoticias.com.br\/index.php?rest_route=\/wp\/v2\/types\/post"}],"author":[{"embeddable":true,"href":"https:\/\/atitudenoticias.com.br\/index.php?rest_route=\/wp\/v2\/users\/2"}],"replies":[{"embeddable":true,"href":"https:\/\/atitudenoticias.com.br\/index.php?rest_route=%2Fwp%2Fv2%2Fcomments&post=10372"}],"version-history":[{"count":1,"href":"https:\/\/atitudenoticias.com.br\/index.php?rest_route=\/wp\/v2\/posts\/10372\/revisions"}],"predecessor-version":[{"id":10374,"href":"https:\/\/atitudenoticias.com.br\/index.php?rest_route=\/wp\/v2\/posts\/10372\/revisions\/10374"}],"wp:featuredmedia":[{"embeddable":true,"href":"https:\/\/atitudenoticias.com.br\/index.php?rest_route=\/wp\/v2\/media\/10373"}],"wp:attachment":[{"href":"https:\/\/atitudenoticias.com.br\/index.php?rest_route=%2Fwp%2Fv2%2Fmedia&parent=10372"}],"wp:term":[{"taxonomy":"category","embeddable":true,"href":"https:\/\/atitudenoticias.com.br\/index.php?rest_route=%2Fwp%2Fv2%2Fcategories&post=10372"},{"taxonomy":"post_tag","embeddable":true,"href":"https:\/\/atitudenoticias.com.br\/index.php?rest_route=%2Fwp%2Fv2%2Ftags&post=10372"}],"curies":[{"name":"wp","href":"https:\/\/api.w.org\/{rel}","templated":true}]}}