{"id":10776,"date":"2023-07-17T23:48:35","date_gmt":"2023-07-18T02:48:35","guid":{"rendered":"http:\/\/atitudenoticias.com.br\/?p=10776"},"modified":"2023-07-17T23:48:35","modified_gmt":"2023-07-18T02:48:35","slug":"volkswagen-anuncia-suspensao-de-800-funcionarios-de-fabrica-no-interior-de-sao-paulo","status":"publish","type":"post","link":"https:\/\/atitudenoticias.com.br\/?p=10776","title":{"rendered":"Volkswagen anuncia suspens\u00e3o de 800 funcion\u00e1rios\u00a0de f\u00e1brica no interior de S\u00e3o Paulo"},"content":{"rendered":"\n<p><strong><em>An\u00fancio ocorre no marco de um acordo coletivo que garante a possibilidade de\u00a0layoffs\u00a0de dois a cinco meses, desde que mantida a estabilidade dos funcion\u00e1rios da f\u00e1brica at\u00e9 2025<\/em><\/strong><\/p>\n\n\n\n<p>A Volkswagen comunicou ao Sindicato dos Metal\u00fargicos de Taubat\u00e9 (Sindimetau) que far\u00e1 um&nbsp;layoff&nbsp;(suspens\u00e3o de contratos de trabalho) de 800 dos cerca de 3.100 funcion\u00e1rios da f\u00e1brica de Taubat\u00e9, cidade a 130 quil\u00f4metros de S\u00e3o Paulo.<\/p>\n\n\n\n<p>Segundo a montadora, a suspens\u00e3o ser\u00e1 de dois meses a partir do dia 1\u00ba de agosto. A suspens\u00e3o do contrato de trabalho, de acordo com o sindicato, vale apenas para a planta da Volwswagen em Taubat\u00e9.<\/p>\n\n\n\n<p>O an\u00fancio ocorre no marco de um acordo coletivo que garante a possibilidade de\u00a0layoffs<em>\u00a0<\/em>de dois a cinco meses, desde que mantida a estabilidade dos funcion\u00e1rios da f\u00e1brica at\u00e9 2025. O documento foi assinado em 2020 e renovado no ano passado.<\/p>\n\n\n\n<p>\u201cA f\u00e1brica de S\u00e3o Jos\u00e9 dos Pinhais (PR) est\u00e1 com um turno em\u00a0layoff\u00a0desde 5 de junho. As ferramentas de flexibiliza\u00e7\u00e3o est\u00e3o previstas em Acordo Coletivo firmado entre o Sindicato e colaboradores da Volkswagen\u201d, diz um trecho da nota oficial da empresa. <strong><em>(Tupi)<\/em><\/strong><\/p>\n","protected":false},"excerpt":{"rendered":"<p>An\u00fancio ocorre no marco de um acordo coletivo que garante a possibilidade de\u00a0layoffs\u00a0de dois a&hellip;<\/p>\n","protected":false},"author":2,"featured_media":10777,"comment_status":"open","ping_status":"open","sticky":false,"template":"","format":"standard","meta":{"footnotes":""},"categories":[56],"tags":[],"class_list":["post-10776","post","type-post","status-publish","format-standard","has-post-thumbnail","hentry","category-economia"],"_links":{"self":[{"href":"https:\/\/atitudenoticias.com.br\/index.php?rest_route=\/wp\/v2\/posts\/10776","targetHints":{"allow":["GET"]}}],"collection":[{"href":"https:\/\/atitudenoticias.com.br\/index.php?rest_route=\/wp\/v2\/posts"}],"about":[{"href":"https:\/\/atitudenoticias.com.br\/index.php?rest_route=\/wp\/v2\/types\/post"}],"author":[{"embeddable":true,"href":"https:\/\/atitudenoticias.com.br\/index.php?rest_route=\/wp\/v2\/users\/2"}],"replies":[{"embeddable":true,"href":"https:\/\/atitudenoticias.com.br\/index.php?rest_route=%2Fwp%2Fv2%2Fcomments&post=10776"}],"version-history":[{"count":1,"href":"https:\/\/atitudenoticias.com.br\/index.php?rest_route=\/wp\/v2\/posts\/10776\/revisions"}],"predecessor-version":[{"id":10778,"href":"https:\/\/atitudenoticias.com.br\/index.php?rest_route=\/wp\/v2\/posts\/10776\/revisions\/10778"}],"wp:featuredmedia":[{"embeddable":true,"href":"https:\/\/atitudenoticias.com.br\/index.php?rest_route=\/wp\/v2\/media\/10777"}],"wp:attachment":[{"href":"https:\/\/atitudenoticias.com.br\/index.php?rest_route=%2Fwp%2Fv2%2Fmedia&parent=10776"}],"wp:term":[{"taxonomy":"category","embeddable":true,"href":"https:\/\/atitudenoticias.com.br\/index.php?rest_route=%2Fwp%2Fv2%2Fcategories&post=10776"},{"taxonomy":"post_tag","embeddable":true,"href":"https:\/\/atitudenoticias.com.br\/index.php?rest_route=%2Fwp%2Fv2%2Ftags&post=10776"}],"curies":[{"name":"wp","href":"https:\/\/api.w.org\/{rel}","templated":true}]}}