{"id":10982,"date":"2023-07-28T00:08:56","date_gmt":"2023-07-28T03:08:56","guid":{"rendered":"http:\/\/atitudenoticias.com.br\/?p=10982"},"modified":"2023-07-28T00:08:56","modified_gmt":"2023-07-28T03:08:56","slug":"tim-e-apple-fecham-acordo-no-brasil-e-iphone-e-vendido-pela-metade-do-preco","status":"publish","type":"post","link":"https:\/\/atitudenoticias.com.br\/?p=10982","title":{"rendered":"TIM e Apple fecham acordo no Brasil e iPhone \u00e9 vendido pela metade do pre\u00e7o"},"content":{"rendered":"\n<p><em><strong>Al\u00e9m dos descontos em aparelhos, a parceria prev\u00ea oferta de servi\u00e7os como iCloud e Apple Music<\/strong><\/em><\/p>\n\n\n\n<p>A TIM fechou uma parceria comercial com a Apple e vai ofertar o iPhone com descontos de cerca de 50%.<\/p>\n\n\n\n<p>Al\u00e9m disso, o acordo tamb\u00e9m prev\u00ea a oferta de servi\u00e7os como Apple Music, Apple TV, iCloud (armazenamento de dados em nuvens) e Arcade (games) aos consumidores, informou a empresa nesta quinta-feira (27).<\/p>\n\n\n\n<p>Segundo a empresa, a TIM \u00e9 a terceira operadora no mundo a fechar esse tipo de parceria com a Apple.<\/p>\n\n\n\n<p>Os descontos j\u00e1 est\u00e3o dispon\u00edveis na loja virtual da operadora e os descontos chegar\u00e3o \u00e0s lojas f\u00edsicas na sexta-feira (28).<\/p>\n\n\n\n<p>Um dos celulares mais recentes da Apple, o iPhone 14 est\u00e1 \u00e0 venda por R$ 4.999 com 256 GB de mem\u00f3ria. No site da empresa de tecnologia, o aparelho custa R$ 8.599, o que representa um desconto de 42%.<\/p>\n\n\n\n<p>O iPhone 14 de 128 GB est\u00e1 por R$ 3.999 no site da TIM, enquanto a loja oficial vende por R$ 7,599; o desconto \u00e9 de 47%.<\/p>\n\n\n\n<p>J\u00e1 o iPhone 12 de 256 GB \u00e9 anunciado pela operadora por R$ 2.999, um desconto de mais de 58%. No site da Apple, ele est\u00e1 por R$ 7.199.<\/p>\n\n\n\n<p>O produto no valor promocional pode ser adquirido apenas por assinantes do Plano TIM Black.<\/p>\n\n\n\n<p>At\u00e9 o momento, a companhia anunciou o TIM Black com Apple One, servi\u00e7o que vai ser oferecido em dois novos planos em parceria com a Big Tech.<\/p>\n\n\n\n<p><strong>Novos planos<\/strong><\/p>\n\n\n\n<p>As novas op\u00e7\u00f5es de planos do TIM Black com Apple One custar\u00e3o R$ 224,99 com 50 GB de internet e R$ 294,99 com 100 GB de internet, em pacotes que podem ser compartilhados com o titular e mais um ou at\u00e9 tr\u00eas dependentes.<\/p>\n\n\n\n<p>As ofertas tamb\u00e9m incluem outros servi\u00e7os da marca, como o Apple TV+, Apple Music, Apple Arcade e iCloud+.<\/p>\n\n\n\n<p>No mercado, a assinatura Apple One Individual custa R$ 34,90 mensais.<\/p>\n\n\n\n<p>Os clientes da TIM que assinarem esses planos poder\u00e3o aproveitar os servi\u00e7os Apple One em seus dispositivos favoritos, incluindo iPhone ou outros devices Apple, smart TVs e alto-falantes inteligentes.<\/p>\n\n\n\n<p>A contrata\u00e7\u00e3o do servi\u00e7o poder\u00e1 ser feita em qualquer loja f\u00edsica ou no site da operadora a partir de 28 de julho. <strong><em>(CNN Brasil)<\/em><\/strong><\/p>\n","protected":false},"excerpt":{"rendered":"<p>Al\u00e9m dos descontos em aparelhos, a parceria prev\u00ea oferta de servi\u00e7os como iCloud e Apple&hellip;<\/p>\n","protected":false},"author":2,"featured_media":5024,"comment_status":"open","ping_status":"open","sticky":false,"template":"","format":"standard","meta":{"footnotes":""},"categories":[56,34],"tags":[],"class_list":["post-10982","post","type-post","status-publish","format-standard","has-post-thumbnail","hentry","category-economia","category-tecnologia"],"_links":{"self":[{"href":"https:\/\/atitudenoticias.com.br\/index.php?rest_route=\/wp\/v2\/posts\/10982","targetHints":{"allow":["GET"]}}],"collection":[{"href":"https:\/\/atitudenoticias.com.br\/index.php?rest_route=\/wp\/v2\/posts"}],"about":[{"href":"https:\/\/atitudenoticias.com.br\/index.php?rest_route=\/wp\/v2\/types\/post"}],"author":[{"embeddable":true,"href":"https:\/\/atitudenoticias.com.br\/index.php?rest_route=\/wp\/v2\/users\/2"}],"replies":[{"embeddable":true,"href":"https:\/\/atitudenoticias.com.br\/index.php?rest_route=%2Fwp%2Fv2%2Fcomments&post=10982"}],"version-history":[{"count":1,"href":"https:\/\/atitudenoticias.com.br\/index.php?rest_route=\/wp\/v2\/posts\/10982\/revisions"}],"predecessor-version":[{"id":10983,"href":"https:\/\/atitudenoticias.com.br\/index.php?rest_route=\/wp\/v2\/posts\/10982\/revisions\/10983"}],"wp:featuredmedia":[{"embeddable":true,"href":"https:\/\/atitudenoticias.com.br\/index.php?rest_route=\/wp\/v2\/media\/5024"}],"wp:attachment":[{"href":"https:\/\/atitudenoticias.com.br\/index.php?rest_route=%2Fwp%2Fv2%2Fmedia&parent=10982"}],"wp:term":[{"taxonomy":"category","embeddable":true,"href":"https:\/\/atitudenoticias.com.br\/index.php?rest_route=%2Fwp%2Fv2%2Fcategories&post=10982"},{"taxonomy":"post_tag","embeddable":true,"href":"https:\/\/atitudenoticias.com.br\/index.php?rest_route=%2Fwp%2Fv2%2Ftags&post=10982"}],"curies":[{"name":"wp","href":"https:\/\/api.w.org\/{rel}","templated":true}]}}