{"id":11391,"date":"2023-08-29T00:39:08","date_gmt":"2023-08-29T03:39:08","guid":{"rendered":"http:\/\/atitudenoticias.com.br\/?p=11391"},"modified":"2023-08-29T00:39:09","modified_gmt":"2023-08-29T03:39:09","slug":"presidente-da-cpmi-do-8-de-janeiro-impoe-restricoes-a-imprensa","status":"publish","type":"post","link":"https:\/\/atitudenoticias.com.br\/?p=11391","title":{"rendered":"Presidente da CPMI do 8 de janeiro imp\u00f5e restri\u00e7\u00f5es \u00e0 imprensa"},"content":{"rendered":"\n<p class=\"wp-block-paragraph\"><em><strong>Sindicato e Fenaj repudiam censura ao trabalho jornal\u00edstico<\/strong><\/em><\/p>\n\n\n\n<p class=\"wp-block-paragraph\">O presidente da CPMI dos atos golpistas de 8 de janeiro, deputado federal Arthur Maia (Uni\u00e3o-BA), editou ato nesta segunda-feira (28) que determina uma s\u00e9rie de restri\u00e7\u00f5es o trabalho dos profissionais de imprensa.<img decoding=\"async\" src=\"https:\/\/agenciabrasil.ebc.com.br\/ebc.png?id=1551683&amp;o=node\"><img decoding=\"async\" src=\"https:\/\/agenciabrasil.ebc.com.br\/ebc.gif?id=1551683&amp;o=node\"><\/p>\n\n\n\n<p class=\"wp-block-paragraph\">Maia imp\u00f4s um credenciamento espec\u00edfico para jornalistas acompanharem a CPMI. O Senado Federal e a C\u00e2mara dos Deputados j\u00e1 t\u00eam um credenciamento para jornalistas trabalharem nas Casas Legislativas, mas o ato define um novo credenciamento para os jornalistas e fot\u00f3grafos.<\/p>\n\n\n\n<p class=\"wp-block-paragraph\">O ato pro\u00edbe ainda que jornalistas credenciados interfiram nos trabalhos da CPMI; que fa\u00e7am a captura de imagens de conte\u00fado privado de integrantes da comiss\u00e3o sem autoriza\u00e7\u00e3o; e que divulguem informa\u00e7\u00f5es privadas ou confidenciais da CPMI sem autoriza\u00e7\u00e3o.<\/p>\n\n\n\n<p class=\"wp-block-paragraph\">O deputado Arthur Maia ainda determinou que qualquer viola\u00e7\u00e3o das novas regras sujeita o profissional a san\u00e7\u00f5es, al\u00e9m de responsabiliza\u00e7\u00e3o civil e penal.<\/p>\n\n\n\n<blockquote class=\"wp-block-quote is-layout-flow wp-block-quote-is-layout-flow\">\n<p class=\"wp-block-paragraph\">\u201cEmbora o direito \u00e0 liberdade de express\u00e3o e seu corol\u00e1rio\u2013consubstanciado na liberdade de imprensa \u2013 consistam em pilares do Estado Democr\u00e1tico de Direito, n\u00e3o h\u00e1 direito absoluto no ordenamento jur\u00eddico p\u00e1trio, de maneira que tal previs\u00e3o deve ser sopesada com os direitos pr\u00f3prios da personalidade, como o direito \u00e0 intimidade e prote\u00e7\u00e3o da vida privada\u201d, argumenta o deputado no ato.<\/p>\n<\/blockquote>\n\n\n\n<p class=\"wp-block-paragraph\">O Sindicato de Jornalistas Profissionais do Distrito Federal (SJPDF) e a Federa\u00e7\u00e3o Nacional dos Jornalistas (Fenaj) divulgaram nota em que classificam como censura \u00e0 imprensa as restri\u00e7\u00f5es impostas pelo presidente da CPMI.<\/p>\n\n\n\n<blockquote class=\"wp-block-quote is-layout-flow wp-block-quote-is-layout-flow\">\n<p class=\"wp-block-paragraph\">\u201cN\u00e3o cabe a uma autoridade do colegiado definir qual jornalista ou fot\u00f3grafo pode ou n\u00e3o cobrir uma sess\u00e3o de uma comiss\u00e3o do Congresso Nacional, ou o que pode o n\u00e3o reportar \u00e0 sociedade, por isso apelamos para que as decis\u00f5es sejam revistas. Os profissionais de imprensa n\u00e3o podem ficar \u00e0 merc\u00ea da discricionariedade do presidente da CPMI ou de qualquer outra autoridade de colegiado do Legislativo, sob pena de se fazer avan\u00e7ar o cerceamento ao trabalho dos jornalistas dentro do Congresso Nacional\u201d, diz a nota.<\/p>\n<\/blockquote>\n\n\n\n<p class=\"wp-block-paragraph\">Na semana passada, o rep\u00f3rter fotogr\u00e1fico da&nbsp;<strong>Empresa Brasil de Comunica\u00e7\u00e3o (EBC)<\/strong>&nbsp;Lula Marques&nbsp;foi impedido de acessar as sess\u00f5es da CPMI por decis\u00e3o de Arthur Maia, ap\u00f3s o profissional divulgar fotos de uma conversa de um senador integrante da comiss\u00e3o em um aplicativo de celular.<\/p>\n\n\n\n<p class=\"wp-block-paragraph\">O presidente da&nbsp;<strong>EBC<\/strong>, H\u00e9lio Doyle, afirmou, em nota, que a decis\u00e3o viola o livre exerc\u00edcio da profiss\u00e3o e a liberdade de imprensa, al\u00e9m de ser autorit\u00e1ria e injustific\u00e1vel. Ele<a href=\"https:\/\/agenciabrasil.ebc.com.br\/geral\/noticia\/2023-08\/ebc-e-abi-pedem-revogacao-de-descredenciamento-de-fotografo-em-cpmi\" target=\"_blank\" rel=\"noreferrer noopener\">&nbsp;pediu que a medida seja revista<\/a>.&nbsp;<\/p>\n\n\n\n<blockquote class=\"wp-block-quote is-layout-flow wp-block-quote-is-layout-flow\">\n<p class=\"wp-block-paragraph\">\u201cEssa decis\u00e3o, que viola o livre exerc\u00edcio da profiss\u00e3o e a liberdade de imprensa, \u00e9 autorit\u00e1ria e injustific\u00e1vel. Por isso, pe\u00e7o ao presidente da CPMI, deputado Arthur Maia, que reconsidere o descredenciamento do profissional, para que n\u00e3o haja qualquer restri\u00e7\u00e3o ao exerc\u00edcio de sua atividade. Informo que, caso a decis\u00e3o n\u00e3o seja revista, a empresa n\u00e3o ir\u00e1 designar outro profissional para a cobertura fotogr\u00e1fica da CPMI&#8221;.<\/p>\n<\/blockquote>\n\n\n\n<p class=\"wp-block-paragraph\">A Associa\u00e7\u00e3o Brasileira de Imprensa (ABI) tamb\u00e9m manifestou-se pela revoga\u00e7\u00e3o da medida. <em><strong>(EBC)<\/strong><\/em><\/p>\n","protected":false},"excerpt":{"rendered":"<p>Sindicato e Fenaj repudiam censura ao trabalho jornal\u00edstico O presidente da CPMI dos atos golpistas&hellip;<\/p>\n","protected":false},"author":2,"featured_media":11392,"comment_status":"open","ping_status":"open","sticky":false,"template":"","format":"standard","meta":{"footnotes":""},"categories":[30],"tags":[],"class_list":["post-11391","post","type-post","status-publish","format-standard","has-post-thumbnail","hentry","category-politica"],"_links":{"self":[{"href":"https:\/\/atitudenoticias.com.br\/index.php?rest_route=\/wp\/v2\/posts\/11391","targetHints":{"allow":["GET"]}}],"collection":[{"href":"https:\/\/atitudenoticias.com.br\/index.php?rest_route=\/wp\/v2\/posts"}],"about":[{"href":"https:\/\/atitudenoticias.com.br\/index.php?rest_route=\/wp\/v2\/types\/post"}],"author":[{"embeddable":true,"href":"https:\/\/atitudenoticias.com.br\/index.php?rest_route=\/wp\/v2\/users\/2"}],"replies":[{"embeddable":true,"href":"https:\/\/atitudenoticias.com.br\/index.php?rest_route=%2Fwp%2Fv2%2Fcomments&post=11391"}],"version-history":[{"count":1,"href":"https:\/\/atitudenoticias.com.br\/index.php?rest_route=\/wp\/v2\/posts\/11391\/revisions"}],"predecessor-version":[{"id":11393,"href":"https:\/\/atitudenoticias.com.br\/index.php?rest_route=\/wp\/v2\/posts\/11391\/revisions\/11393"}],"wp:featuredmedia":[{"embeddable":true,"href":"https:\/\/atitudenoticias.com.br\/index.php?rest_route=\/wp\/v2\/media\/11392"}],"wp:attachment":[{"href":"https:\/\/atitudenoticias.com.br\/index.php?rest_route=%2Fwp%2Fv2%2Fmedia&parent=11391"}],"wp:term":[{"taxonomy":"category","embeddable":true,"href":"https:\/\/atitudenoticias.com.br\/index.php?rest_route=%2Fwp%2Fv2%2Fcategories&post=11391"},{"taxonomy":"post_tag","embeddable":true,"href":"https:\/\/atitudenoticias.com.br\/index.php?rest_route=%2Fwp%2Fv2%2Ftags&post=11391"}],"curies":[{"name":"wp","href":"https:\/\/api.w.org\/{rel}","templated":true}]}}