{"id":11526,"date":"2023-09-01T17:18:39","date_gmt":"2023-09-01T20:18:39","guid":{"rendered":"http:\/\/atitudenoticias.com.br\/?p=11526"},"modified":"2023-09-01T17:18:29","modified_gmt":"2023-09-01T20:18:29","slug":"presidente-e-vice-da-oab-feira-se-reunem-com-assessoria-da-presidencia-do-tj","status":"publish","type":"post","link":"https:\/\/atitudenoticias.com.br\/?p=11526","title":{"rendered":"Presidente e vice da OAB Feira se re\u00fanem com assessoria da Presid\u00eancia do TJ"},"content":{"rendered":"\n<p class=\"wp-block-paragraph\"><em><strong>Objetivo da reuni\u00e3o foi tratar sobre as varas que est\u00e3o sem magistrados<\/strong><\/em><\/p>\n\n\n\n<p class=\"wp-block-paragraph\">O presidente da OAB Subse\u00e7\u00e3o Feira de Santana, Raphael Pitombo, e a vice-presidente da institui\u00e7\u00e3o, Lorena Peixoto, estiveram reunidos com a assessoria da presid\u00eancia do Tribunal de Justi\u00e7a do Estado da Bahia na manh\u00e3 da \u00faltima quarta-feira (30) em Salvador. O objetivo da reuni\u00e3o foi tratar sobre as varas que est\u00e3o sem magistrados na comarcas de Feira de Santana e Riachao do Jacuipe.<\/p>\n\n\n\n<p class=\"wp-block-paragraph\">Conforme explanado na reuni\u00e3o, j\u00e1 h\u00e1 14 magistrados inscritos para a vaga da 7\u00aa Vara Civel de Feira, e at\u00e9 o provimento efetivo da referida vaga a vara conta com a ju\u00edza substituta Dra Ivonete Sousa, a qual \u00e9 titular da comarca de Irar\u00e1.<\/p>\n\n\n\n<p class=\"wp-block-paragraph\">Com rela\u00e7\u00e3o \u00e0 1\u00aa Vara C\u00edvel de Feira de Santana, j\u00e1 h\u00e1 edital de habilita\u00e7\u00e3o aberto at\u00e9 o dia 04\/09, com expectativa de habilita\u00e7\u00e3o de n\u00famero relevante de magistrados interessados em ocupar a vaga, sendo que atualmente responde pela vara o magistrado da 2\u00ba Vara C\u00edvel, Dr Marco Aur\u00e9lio.<\/p>\n\n\n\n<p class=\"wp-block-paragraph\">Segundo a assessoria do TJ a expectativa \u00e9 que o processo provimento da vaga relativo \u00e0s duas varas supracitadas seja finalizado em 2 meses, quando haver\u00e1 a chegada dos magistrados titulares.<\/p>\n\n\n\n<p class=\"wp-block-paragraph\">Com rela\u00e7\u00e3o \u00e0 comarca de Riachao do Jacuipe, o magistrado Matheus Moitinho, encontra-se habilitado para a vaga do Juizado, devendo assumir a vara como titular a partir do dia 13\/09, quando haver\u00e1 o julgamento do processo de provimento pelo Pleno do TJBA.<\/p>\n\n\n\n<p class=\"wp-block-paragraph\">No que tange \u00e0 Vara crime, o edital para provimento ser\u00e1 aberto ap\u00f3s o dia 13\/09, sendo que atualmente a vara est\u00e1 sob a responsabilidade da Ju\u00edza da Vara C\u00edvel da comarca.<em><strong> (ASCOM)<\/strong><\/em><\/p>\n\n\n\n<figure class=\"wp-block-image size-large\"><img fetchpriority=\"high\" decoding=\"async\" width=\"1024\" height=\"1024\" src=\"http:\/\/atitudenoticias.com.br\/wp-content\/uploads\/2023\/09\/OABFEIRA-1024x1024.jpg\" alt=\"\" class=\"wp-image-11527\" srcset=\"https:\/\/atitudenoticias.com.br\/wp-content\/uploads\/2023\/09\/OABFEIRA-1024x1024.jpg 1024w, https:\/\/atitudenoticias.com.br\/wp-content\/uploads\/2023\/09\/OABFEIRA-300x300.jpg 300w, https:\/\/atitudenoticias.com.br\/wp-content\/uploads\/2023\/09\/OABFEIRA-150x150.jpg 150w, https:\/\/atitudenoticias.com.br\/wp-content\/uploads\/2023\/09\/OABFEIRA-768x768.jpg 768w, https:\/\/atitudenoticias.com.br\/wp-content\/uploads\/2023\/09\/OABFEIRA-585x585.jpg 585w, https:\/\/atitudenoticias.com.br\/wp-content\/uploads\/2023\/09\/OABFEIRA.jpg 1080w\" sizes=\"(max-width: 1024px) 100vw, 1024px\" \/><\/figure>\n","protected":false},"excerpt":{"rendered":"<p>Objetivo da reuni\u00e3o foi tratar sobre as varas que est\u00e3o sem magistrados O presidente da&hellip;<\/p>\n","protected":false},"author":2,"featured_media":11531,"comment_status":"open","ping_status":"open","sticky":false,"template":"","format":"standard","meta":{"footnotes":""},"categories":[58,62],"tags":[],"class_list":["post-11526","post","type-post","status-publish","format-standard","has-post-thumbnail","hentry","category-feira-de-santana","category-justica"],"_links":{"self":[{"href":"https:\/\/atitudenoticias.com.br\/index.php?rest_route=\/wp\/v2\/posts\/11526","targetHints":{"allow":["GET"]}}],"collection":[{"href":"https:\/\/atitudenoticias.com.br\/index.php?rest_route=\/wp\/v2\/posts"}],"about":[{"href":"https:\/\/atitudenoticias.com.br\/index.php?rest_route=\/wp\/v2\/types\/post"}],"author":[{"embeddable":true,"href":"https:\/\/atitudenoticias.com.br\/index.php?rest_route=\/wp\/v2\/users\/2"}],"replies":[{"embeddable":true,"href":"https:\/\/atitudenoticias.com.br\/index.php?rest_route=%2Fwp%2Fv2%2Fcomments&post=11526"}],"version-history":[{"count":2,"href":"https:\/\/atitudenoticias.com.br\/index.php?rest_route=\/wp\/v2\/posts\/11526\/revisions"}],"predecessor-version":[{"id":11532,"href":"https:\/\/atitudenoticias.com.br\/index.php?rest_route=\/wp\/v2\/posts\/11526\/revisions\/11532"}],"wp:featuredmedia":[{"embeddable":true,"href":"https:\/\/atitudenoticias.com.br\/index.php?rest_route=\/wp\/v2\/media\/11531"}],"wp:attachment":[{"href":"https:\/\/atitudenoticias.com.br\/index.php?rest_route=%2Fwp%2Fv2%2Fmedia&parent=11526"}],"wp:term":[{"taxonomy":"category","embeddable":true,"href":"https:\/\/atitudenoticias.com.br\/index.php?rest_route=%2Fwp%2Fv2%2Fcategories&post=11526"},{"taxonomy":"post_tag","embeddable":true,"href":"https:\/\/atitudenoticias.com.br\/index.php?rest_route=%2Fwp%2Fv2%2Ftags&post=11526"}],"curies":[{"name":"wp","href":"https:\/\/api.w.org\/{rel}","templated":true}]}}