{"id":12223,"date":"2023-09-29T13:21:46","date_gmt":"2023-09-29T16:21:46","guid":{"rendered":"http:\/\/atitudenoticias.com.br\/?p=12223"},"modified":"2023-09-29T13:25:15","modified_gmt":"2023-09-29T16:25:15","slug":"projeto-de-usina-em-praia-de-fortaleza-pode-derrubar-internet-no-brasil-e-trava-embate-com-operadoras","status":"publish","type":"post","link":"https:\/\/atitudenoticias.com.br\/?p=12223","title":{"rendered":"Projeto de usina em praia de Fortaleza pode derrubar internet no Brasil, afirmam operadoras"},"content":{"rendered":"\n<p><em><strong>Obra para remover sal da \u00e1gua da Praia do Futuro promete aumentar em 12% a oferta de \u00e1gua da Grande Fortaleza. Operadoras temem que usina danifique cabos de telefonias que partem da Europa e \u00c1frica para Fortaleza.<\/strong><\/em><\/p>\n\n\n\n<p>A Praia do Futuro \u00e9 um dos locais mais visitados por fortalezenses e turistas. Quem vai ao local admirar o mar nem imagina que logo abaixo d&#8217;\u00e1gua h\u00e1 um embate ferrenho. Em jogo est\u00e1, de um lado, o funcionamento da internet em todo o Brasil e, de outro, a garantia do fornecimento de \u00e1gua para os cearenses.<\/p>\n\n\n\n<p>O governo do estado defende a\u00a0<strong>obra de uma usina que vai converter \u00e1gua do mar em pot\u00e1vel<\/strong>. J\u00e1 as empresas telef\u00f4nicas temem que a estrutura cause o\u00a0<strong>rompimento de cabos submarinos que fornecem internet. <\/strong><\/p>\n\n\n\n<p><strong>Fortaleza \u00e9 a primeira cidade do Brasil a receber cabos de fibra \u00f3tica europeus<\/strong>, que garantem uma conex\u00e3o r\u00e1pida \u00e0 internet. O motivo \u00e9 a maior proximidade da capital cearense com a Europa, cerca de seis mil quil\u00f4metros. De Fortaleza, os cabos partem para o Rio de Janeiro e S\u00e3o Paulo.<\/p>\n\n\n\n<p>Conforme a Anatel, esses cabos s\u00e3o respons\u00e1veis por 99% do tr\u00e1fego de dados. &#8220;O Cear\u00e1, em especial a cidade de Fortaleza, \u00e9 que garante a interconex\u00e3o do Brasil com o resto do mundo&#8221;, afirmou o ministro das Comunica\u00e7\u00f5es, Juscelino Filho, nesta quarta-feira (27).<\/p>\n\n\n\n<p>Se os cabos forem rompidos, conforme a Ag\u00eancia Nacional de Telecomunica\u00e7\u00f5es (Anatel), o&nbsp;<strong>pa\u00eds inteiro fica off-line ou com a internet bastante lenta<\/strong>. Para evitar o risco, a Anatel emitiu uma recomenda\u00e7\u00e3o contr\u00e1ria \u00e0 instala\u00e7\u00e3o do projeto da usina de dessaliniza\u00e7\u00e3o.<\/p>\n\n\n\n<p>A medida parou o andamento do projeto. A estimativa agora \u00e9 que a entrega da usina atrase em pelo menos seis meses. A previs\u00e3o inicial era de que a usina teria as opera\u00e7\u00f5es iniciadas em 2025.<\/p>\n\n\n\n<h2 class=\"wp-block-heading\"><strong>Edital de R$ 3,2 bilh\u00f5es<\/strong><\/h2>\n\n\n\n<p>A iniciativa da constru\u00e7\u00e3o da usina de dessaliniza\u00e7\u00e3o \u00e9 liderada pela Companhia de \u00c1gua e Esgoto do Cear\u00e1 (Cagece). Conforme o projeto, a usina deve ampliar em 12% a oferta de \u00e1gua na Grande Fortaleza.<\/p>\n\n\n\n<p>O edital para a realiza\u00e7\u00e3o do projeto foi vencido pelo Cons\u00f3rcio \u00c1guas de Fortaleza, e o investimento previsto \u00e9 da ordem de R$ 3,2 bilh\u00f5es.<\/p>\n\n\n\n<p>Neuri Freitas, diretor-presidente da companhia, explicou que a dist\u00e2ncia entre cabos e outras infraestruturas foi ampliada de 40 para 500 metros, contornando a \u00e1rea do projeto da usina que pode danificar os cabos para evitar riscos.<\/p>\n\n\n\n<blockquote class=\"wp-block-quote is-layout-flow wp-block-quote-is-layout-flow\">\n<p>\u201cA nosso ver, isso est\u00e1 totalmente resolvido, n\u00e3o vamos trazer nenhum risco, buscamos a concilia\u00e7\u00e3o. A gente acha que n\u00e3o h\u00e1 esse risco j\u00e1 que no continente todos os cabos cruzam com alguma estrutura, como rede de g\u00e1s, de energia e diversas outras estruturas\u201d, afirmou.<\/p>\n<\/blockquote>\n\n\n\n<p>Em nota, a companhia afirmou que fez altera\u00e7\u00f5es no projeto que custaram &#8220;na ordem de R$ 35 a 40 milh\u00f5es&#8221;. Segundo a empresa, conforme o projeto est\u00e1 sendo elaborado atualmente, a usina &#8220;n\u00e3o apresenta nenhum risco ao funcionamento dos cabos submarinos localizados na Praia do Futuro&#8221;.<\/p>\n\n\n\n<p>Com as novas medidas, a Cagece espera que a Anatel revise a medida que travou o andamento do projeto.<em><strong> (G1)<\/strong><\/em><\/p>\n\n\n\n<p><\/p>\n","protected":false},"excerpt":{"rendered":"<p>Obra para remover sal da \u00e1gua da Praia do Futuro promete aumentar em 12% a&hellip;<\/p>\n","protected":false},"author":2,"featured_media":12224,"comment_status":"open","ping_status":"open","sticky":false,"template":"","format":"standard","meta":{"footnotes":""},"categories":[20,34],"tags":[],"class_list":["post-12223","post","type-post","status-publish","format-standard","has-post-thumbnail","hentry","category-brasil","category-tecnologia"],"_links":{"self":[{"href":"https:\/\/atitudenoticias.com.br\/index.php?rest_route=\/wp\/v2\/posts\/12223","targetHints":{"allow":["GET"]}}],"collection":[{"href":"https:\/\/atitudenoticias.com.br\/index.php?rest_route=\/wp\/v2\/posts"}],"about":[{"href":"https:\/\/atitudenoticias.com.br\/index.php?rest_route=\/wp\/v2\/types\/post"}],"author":[{"embeddable":true,"href":"https:\/\/atitudenoticias.com.br\/index.php?rest_route=\/wp\/v2\/users\/2"}],"replies":[{"embeddable":true,"href":"https:\/\/atitudenoticias.com.br\/index.php?rest_route=%2Fwp%2Fv2%2Fcomments&post=12223"}],"version-history":[{"count":3,"href":"https:\/\/atitudenoticias.com.br\/index.php?rest_route=\/wp\/v2\/posts\/12223\/revisions"}],"predecessor-version":[{"id":12227,"href":"https:\/\/atitudenoticias.com.br\/index.php?rest_route=\/wp\/v2\/posts\/12223\/revisions\/12227"}],"wp:featuredmedia":[{"embeddable":true,"href":"https:\/\/atitudenoticias.com.br\/index.php?rest_route=\/wp\/v2\/media\/12224"}],"wp:attachment":[{"href":"https:\/\/atitudenoticias.com.br\/index.php?rest_route=%2Fwp%2Fv2%2Fmedia&parent=12223"}],"wp:term":[{"taxonomy":"category","embeddable":true,"href":"https:\/\/atitudenoticias.com.br\/index.php?rest_route=%2Fwp%2Fv2%2Fcategories&post=12223"},{"taxonomy":"post_tag","embeddable":true,"href":"https:\/\/atitudenoticias.com.br\/index.php?rest_route=%2Fwp%2Fv2%2Ftags&post=12223"}],"curies":[{"name":"wp","href":"https:\/\/api.w.org\/{rel}","templated":true}]}}