{"id":12235,"date":"2023-10-02T17:47:06","date_gmt":"2023-10-02T20:47:06","guid":{"rendered":"http:\/\/atitudenoticias.com.br\/?p=12235"},"modified":"2023-10-03T17:54:24","modified_gmt":"2023-10-03T20:54:24","slug":"eleicao-para-o-conselho-tutelar-em-feira-de-santana-registrou-participacao-recorde","status":"publish","type":"post","link":"https:\/\/atitudenoticias.com.br\/?p=12235","title":{"rendered":"Elei\u00e7\u00e3o para o Conselho Tutelar em Feira de Santana registrou participa\u00e7\u00e3o recorde"},"content":{"rendered":"\n<p>No \u00faltimo domingo (01), um total expressivo de 7.494 eleitores compareceram \u00e0s urnas para eleger os conselheiros tutelares que ocupar\u00e3o 20 cargos no munic\u00edpio pelos pr\u00f3ximos quatro anos. Esse quantitativo de votantes representa um aumento not\u00e1vel de 34% em rela\u00e7\u00e3o \u00e0 elei\u00e7\u00e3o anterior, que contou com a participa\u00e7\u00e3o de 5.589 eleitores. Este ano, a participa\u00e7\u00e3o do eleitorado atingiu um recorde hist\u00f3rico em Feira de Santana.<\/p>\n\n\n\n<p>Dos 7.494 votos computados, 25 foram nulos e 16 brancos. Al\u00e9m dos 20 conselheiros eleitos, oito candidatos ficaram na supl\u00eancia.<\/p>\n\n\n\n<p>O secret\u00e1rio de Desenvolvimento Social, Denilton Brito, destacou que a elei\u00e7\u00e3o transcorreu sem problemas, mesmo diante do significativo fluxo registrado nos locais de vota\u00e7\u00e3o.<\/p>\n\n\n\n<p>&#8220;Todo o processo foi resultado de uma sequ\u00eancia de planejamento e a\u00e7\u00f5es, envolvendo in\u00fameras pessoas e \u00f3rg\u00e3os, como a Secretaria de Desenvolvimento Social, Comiss\u00e3o Eleitoral, SMT e Guarda Municipal. Expressamos nossa gratid\u00e3o a todos que se comprometeram a garantir que o processo democr\u00e1tico prevalecesse, especialmente aos colaboradores da Secretaria de Desenvolvimento Social, que participaram de todo o planejamento at\u00e9 a apura\u00e7\u00e3o da elei\u00e7\u00e3o, sem nenhum registro de incidentes&#8221;, declarou.<\/p>\n\n\n\n<p>O secret\u00e1rio tamb\u00e9m ressaltou a colabora\u00e7\u00e3o de diversos \u00f3rg\u00e3os, como o Conselho Municipal dos Direitos da Crian\u00e7a e do Adolescente, Minist\u00e9rio P\u00fablico, Tribunal Regional Eleitoral e Pol\u00edcia Militar, al\u00e9m de outros volunt\u00e1rios que possibilitaram a participa\u00e7\u00e3o do eleitorado. Denilton agradeceu a todos os mes\u00e1rios e mes\u00e1rias, destacando sua atua\u00e7\u00e3o exemplar para o \u00eaxito da elei\u00e7\u00e3o.<\/p>\n\n\n\n<p>O secret\u00e1rio acredita que o recorde na participa\u00e7\u00e3o de eleitores \u00e9 uma consequ\u00eancia do per\u00edodo de pandemia, que evidenciou a import\u00e2ncia da atua\u00e7\u00e3o dos conselhos tutelares na prote\u00e7\u00e3o de crian\u00e7as e adolescentes.<em><strong> (ASCOM\\CMFS)<\/strong><\/em><\/p>\n","protected":false},"excerpt":{"rendered":"<p>No \u00faltimo domingo (01), um total expressivo de 7.494 eleitores compareceram \u00e0s urnas para eleger&hellip;<\/p>\n","protected":false},"author":2,"featured_media":12236,"comment_status":"open","ping_status":"open","sticky":false,"template":"","format":"standard","meta":{"footnotes":""},"categories":[58],"tags":[],"class_list":["post-12235","post","type-post","status-publish","format-standard","has-post-thumbnail","hentry","category-feira-de-santana"],"_links":{"self":[{"href":"https:\/\/atitudenoticias.com.br\/index.php?rest_route=\/wp\/v2\/posts\/12235","targetHints":{"allow":["GET"]}}],"collection":[{"href":"https:\/\/atitudenoticias.com.br\/index.php?rest_route=\/wp\/v2\/posts"}],"about":[{"href":"https:\/\/atitudenoticias.com.br\/index.php?rest_route=\/wp\/v2\/types\/post"}],"author":[{"embeddable":true,"href":"https:\/\/atitudenoticias.com.br\/index.php?rest_route=\/wp\/v2\/users\/2"}],"replies":[{"embeddable":true,"href":"https:\/\/atitudenoticias.com.br\/index.php?rest_route=%2Fwp%2Fv2%2Fcomments&post=12235"}],"version-history":[{"count":1,"href":"https:\/\/atitudenoticias.com.br\/index.php?rest_route=\/wp\/v2\/posts\/12235\/revisions"}],"predecessor-version":[{"id":12237,"href":"https:\/\/atitudenoticias.com.br\/index.php?rest_route=\/wp\/v2\/posts\/12235\/revisions\/12237"}],"wp:featuredmedia":[{"embeddable":true,"href":"https:\/\/atitudenoticias.com.br\/index.php?rest_route=\/wp\/v2\/media\/12236"}],"wp:attachment":[{"href":"https:\/\/atitudenoticias.com.br\/index.php?rest_route=%2Fwp%2Fv2%2Fmedia&parent=12235"}],"wp:term":[{"taxonomy":"category","embeddable":true,"href":"https:\/\/atitudenoticias.com.br\/index.php?rest_route=%2Fwp%2Fv2%2Fcategories&post=12235"},{"taxonomy":"post_tag","embeddable":true,"href":"https:\/\/atitudenoticias.com.br\/index.php?rest_route=%2Fwp%2Fv2%2Ftags&post=12235"}],"curies":[{"name":"wp","href":"https:\/\/api.w.org\/{rel}","templated":true}]}}