{"id":12279,"date":"2023-10-04T18:03:30","date_gmt":"2023-10-04T21:03:30","guid":{"rendered":"http:\/\/atitudenoticias.com.br\/?p=12279"},"modified":"2023-10-04T18:05:09","modified_gmt":"2023-10-04T21:05:09","slug":"preservacao-ambiental-em-pedra-do-cavalo-e-tema-de-sessao-especial-dia-19","status":"publish","type":"post","link":"https:\/\/atitudenoticias.com.br\/?p=12279","title":{"rendered":"Preserva\u00e7\u00e3o ambiental em Pedra do Cavalo \u00e9 tema de sess\u00e3o especial dia 19"},"content":{"rendered":"\n<p>Gestores dos munic\u00edpios que est\u00e3o situados no entorno do Lago de Pedra do Cavalo v\u00e3o ser convidados para uma sess\u00e3o especial na C\u00e2mara de Feira de Santana, para discutir quest\u00f5es como abastecimento, biodiversidade, agricultura e pesca, turismo, educa\u00e7\u00e3o ambiental e os impactos econ\u00f4micos do manancial. Agendado para o pr\u00f3ximo dia 19, \u00e0s 9h, o evento \u00e9 de iniciativa do vereador Jurandy Carvalho (PL), que teve requerimento aprovado hoje (4) por unanimidade da Casa.<\/p>\n\n\n\n<p>Al\u00e9m das autoridades de Feira de Santana, S\u00e3o Gon\u00e7alo dos Campos, Concei\u00e7\u00e3o da Feira, Cachoeira, Muritiba, Governador Mangabeira, Cabaceiras do Paragua\u00e7u, S\u00e3o F\u00e9lix, Antonio Cardoso, Santo Estev\u00e3o, Rafael Jambeiro e Castro Alves, est\u00e3o sendo convidados representantes de empresas e \u00f3rg\u00e3os como Embasa \u2013 Empresa Baiana de \u00c1gua e Saneamento, CERB \u2013 Companhia de Engenharia Ambiental e Recursos H\u00eddricos da Bahia, Inema \u2013 Instituto do Meio Ambiente e Recursos H\u00eddricos, Secretaria de Desenvolvimento Econ\u00f4mico da Bahia, Secretaria Municipal de Meio Ambiente e Associa\u00e7\u00e3o Comercial de Feira.<\/p>\n\n\n\n<p>\u201cPedra do Cavalo \u00e9 o lago mais importante da Bahia, respons\u00e1vel pelo abastecimento de sete milh\u00f5es de pessoas. Mas est\u00e1 sendo dizimado por esgoto a c\u00e9u aberto e despejo de lixo. Por isso, queremos reunir os prefeitos da regi\u00e3o, ambientalistas e a sociedade para discutir o assunto, envolvendo tamb\u00e9m o rio Jacu\u00edpe e seus afluentes\u201d, afirmou Jurandy na Tribuna Maria Quit\u00e9ria. O vereador destacou ainda que \u201cs\u00f3 em Feira existem 27 riachos\u201d jogando \u00e1gua no Jacu\u00edpe.<em><strong> (ASCOM\/CMFS)<\/strong><\/em><\/p>\n","protected":false},"excerpt":{"rendered":"<p>Gestores dos munic\u00edpios que est\u00e3o situados no entorno do Lago de Pedra do Cavalo v\u00e3o&hellip;<\/p>\n","protected":false},"author":2,"featured_media":12280,"comment_status":"open","ping_status":"open","sticky":false,"template":"","format":"standard","meta":{"footnotes":""},"categories":[58,71],"tags":[],"class_list":["post-12279","post","type-post","status-publish","format-standard","has-post-thumbnail","hentry","category-feira-de-santana","category-meio-ambiente"],"_links":{"self":[{"href":"https:\/\/atitudenoticias.com.br\/index.php?rest_route=\/wp\/v2\/posts\/12279","targetHints":{"allow":["GET"]}}],"collection":[{"href":"https:\/\/atitudenoticias.com.br\/index.php?rest_route=\/wp\/v2\/posts"}],"about":[{"href":"https:\/\/atitudenoticias.com.br\/index.php?rest_route=\/wp\/v2\/types\/post"}],"author":[{"embeddable":true,"href":"https:\/\/atitudenoticias.com.br\/index.php?rest_route=\/wp\/v2\/users\/2"}],"replies":[{"embeddable":true,"href":"https:\/\/atitudenoticias.com.br\/index.php?rest_route=%2Fwp%2Fv2%2Fcomments&post=12279"}],"version-history":[{"count":1,"href":"https:\/\/atitudenoticias.com.br\/index.php?rest_route=\/wp\/v2\/posts\/12279\/revisions"}],"predecessor-version":[{"id":12281,"href":"https:\/\/atitudenoticias.com.br\/index.php?rest_route=\/wp\/v2\/posts\/12279\/revisions\/12281"}],"wp:featuredmedia":[{"embeddable":true,"href":"https:\/\/atitudenoticias.com.br\/index.php?rest_route=\/wp\/v2\/media\/12280"}],"wp:attachment":[{"href":"https:\/\/atitudenoticias.com.br\/index.php?rest_route=%2Fwp%2Fv2%2Fmedia&parent=12279"}],"wp:term":[{"taxonomy":"category","embeddable":true,"href":"https:\/\/atitudenoticias.com.br\/index.php?rest_route=%2Fwp%2Fv2%2Fcategories&post=12279"},{"taxonomy":"post_tag","embeddable":true,"href":"https:\/\/atitudenoticias.com.br\/index.php?rest_route=%2Fwp%2Fv2%2Ftags&post=12279"}],"curies":[{"name":"wp","href":"https:\/\/api.w.org\/{rel}","templated":true}]}}