{"id":13518,"date":"2023-12-14T17:58:23","date_gmt":"2023-12-14T20:58:23","guid":{"rendered":"http:\/\/atitudenoticias.com.br\/?p=13518"},"modified":"2023-12-14T17:58:23","modified_gmt":"2023-12-14T20:58:23","slug":"assassinatos-de-jornalistas-registram-queda-em-2023","status":"publish","type":"post","link":"https:\/\/atitudenoticias.com.br\/?p=13518","title":{"rendered":"Assassinatos de jornalistas registram queda em 2023"},"content":{"rendered":"\n<p><strong><em>Dados foram divulgados pela organiza\u00e7\u00e3o Rep\u00f3rteres Sem Fronteiras<\/em><\/strong><\/p>\n\n\n\n<p>Quarenta e cinco jornalistas morreram em 2023 no mundo no exerc\u00edcio da profiss\u00e3o, o menor n\u00famero desde 2002, devido em grande parte \u00e0 redu\u00e7\u00e3o de assassinatos na Am\u00e9rica Latina, apesar de o conflito entre Israel e o Hamas ter sido especialmente letal, segundo a organiza\u00e7\u00e3o Rep\u00f3rteres Sem Fronteiras (RSF).<\/p>\n\n\n\n<p>Os dados compilados pela RSF at\u00e9 1\u00ba de dezembro indicam que &#8220;45 jornalistas foram assassinados no exerc\u00edcio da profiss\u00e3o, 16 a menos que no ano passado&#8221;.<\/p>\n\n\n\n<p>Este \u00e9 o menor n\u00famero desde 2002, quando 33 profissionais da imprensa foram assassinados, um ter\u00e7o deles quando trabalhavam na cobertura do conflito no Oriente M\u00e9dio.<\/p>\n\n\n\n<p>Os n\u00fameros de 2023 destacam a &#8220;redu\u00e7\u00e3o significativa&#8221; do n\u00famero de mortes na Am\u00e9rica Latina, com seis jornalistas assassinados contra 26 em 2022.<\/p>\n\n\n\n<p>O M\u00e9xico, o local mais letal para a profiss\u00e3o depois da Faixa de Gaza, registrou os assassinatos de quatro jornalistas em 2023, contra 11 no ano passado, mas a diminui\u00e7\u00e3o n\u00e3o reflete uma seguran\u00e7a maior para a imprensa, enfatizou a RSF.<\/p>\n\n\n\n<p><strong>&#8220;Autocensura&#8221; na Am\u00e9rica Latina&#8221;<\/strong><\/p>\n\n\n\n<p>Embora o n\u00famero de jornalistas assassinados na Am\u00e9rica Latina tenha registrado uma queda significativa (&#8230;) os profissionais da informa\u00e7\u00e3o ainda n\u00e3o trabalham com seguran\u00e7a, como demonstram os sequestros recentes e ataques armados ocorridos no M\u00e9xico&#8221;, destacou a organiza\u00e7\u00e3o.<\/p>\n\n\n\n<p>A RSF acrescentou que &#8220;o recorde de incidentes violentos registrados em 2022 na Am\u00e9rica Latina estimula os jornalistas a adotar a autocensura, o que se traduz com a prolifera\u00e7\u00e3o de buracos negros de informa\u00e7\u00e3o na regi\u00e3o, onde o crime organizado e a corrup\u00e7\u00e3o encabe\u00e7am a lista de quest\u00f5es pelas quais &#8220;os jornalistas arriscam suas vidas&#8221;.<\/p>\n\n\n\n<p>A ONG tamb\u00e9m informou que 84 jornalistas s\u00e3o considerados desaparecidos no mundo, quase um ter\u00e7o deles mexicanos.<\/p>\n\n\n\n<p>A Am\u00e9rica Latina concentra mais da metade dos jornalistas desaparecidos no mundo, com 43.<\/p>\n\n\n\n<p>Mortes em Gaza<\/p>\n\n\n\n<p>Em Gaza, &#8220;os jornalistas est\u00e3o pagando um pre\u00e7o elevado entre a popula\u00e7\u00e3o civil. Constatamos que o n\u00famero de jornalistas assassinados no exerc\u00edcio da profiss\u00e3o \u00e9 muito elevado: 13 em um territ\u00f3rio min\u00fasculo&#8221;, afirmou o secret\u00e1rio-geral da RSF, Christophe Deloire.<\/p>\n\n\n\n<p>&#8220;Apresentamos uma den\u00fancia ao Tribunal Penal Internacional (TPI) para estabelecer a realidade dos fatos e at\u00e9 que ponto os jornalistas foram alvos deliberados&#8221;, disse.&nbsp;<\/p>\n\n\n\n<p>A RSF destacou que este ano 23 jornalistas foram assassinados no exerc\u00edcio da sua profiss\u00e3o em conflitos e que \u00e9 a primeira vez em cinco anos que mais rep\u00f3rteres morreram em guerras do que em zonas de paz.<\/p>\n\n\n\n<p>&#8220;A grande maioria, 17, na guerra entre Israel e o Hamas, dos quais 13 morreram em Gaza&#8221;, afirma o relat\u00f3rio da organiza\u00e7\u00e3o.<\/p>\n\n\n\n<p>O conflito na Ucr\u00e2nia registrou duas mortes de jornalistas em 2023, incluindo o rep\u00f3rter da AFP Arman Soldin (que faleceu em maio), o que eleva a 11 o n\u00famero de profissionais da imprensa mortos desde o in\u00edcio da invas\u00e3o russa, em fevereiro de 2022.<\/p>\n\n\n\n<p>A organiza\u00e7\u00e3o afirma que as causas da redu\u00e7\u00e3o do n\u00famero de mortes s\u00e3o m\u00faltiplas e &#8220;discut\u00edveis&#8221;.<\/p>\n\n\n\n<p>&#8220;O trabalho das organiza\u00e7\u00f5es intergovernamentais, das ONGs e dos pr\u00f3prios meios de comunica\u00e7\u00e3o ou maior cautela?&#8221;, questiona a RSF no relat\u00f3rio.<\/p>\n\n\n\n<p>O balan\u00e7o &#8220;n\u00e3o inclui os jornalistas assassinados fora do exerc\u00edcio da profiss\u00e3o, os que n\u00e3o foram assassinados nem aqueles cujas mortes continuam desconhecidas&#8221;, explica a RSF.<strong><em> (ATarde)<\/em><\/strong><\/p>\n","protected":false},"excerpt":{"rendered":"<p>Dados foram divulgados pela organiza\u00e7\u00e3o Rep\u00f3rteres Sem Fronteiras Quarenta e cinco jornalistas morreram em 2023&hellip;<\/p>\n","protected":false},"author":2,"featured_media":13519,"comment_status":"open","ping_status":"open","sticky":false,"template":"","format":"standard","meta":{"footnotes":""},"categories":[28,60,32],"tags":[],"class_list":["post-13518","post","type-post","status-publish","format-standard","has-post-thumbnail","hentry","category-mundo","category-policia","category-radio-e-tv"],"_links":{"self":[{"href":"https:\/\/atitudenoticias.com.br\/index.php?rest_route=\/wp\/v2\/posts\/13518","targetHints":{"allow":["GET"]}}],"collection":[{"href":"https:\/\/atitudenoticias.com.br\/index.php?rest_route=\/wp\/v2\/posts"}],"about":[{"href":"https:\/\/atitudenoticias.com.br\/index.php?rest_route=\/wp\/v2\/types\/post"}],"author":[{"embeddable":true,"href":"https:\/\/atitudenoticias.com.br\/index.php?rest_route=\/wp\/v2\/users\/2"}],"replies":[{"embeddable":true,"href":"https:\/\/atitudenoticias.com.br\/index.php?rest_route=%2Fwp%2Fv2%2Fcomments&post=13518"}],"version-history":[{"count":1,"href":"https:\/\/atitudenoticias.com.br\/index.php?rest_route=\/wp\/v2\/posts\/13518\/revisions"}],"predecessor-version":[{"id":13520,"href":"https:\/\/atitudenoticias.com.br\/index.php?rest_route=\/wp\/v2\/posts\/13518\/revisions\/13520"}],"wp:featuredmedia":[{"embeddable":true,"href":"https:\/\/atitudenoticias.com.br\/index.php?rest_route=\/wp\/v2\/media\/13519"}],"wp:attachment":[{"href":"https:\/\/atitudenoticias.com.br\/index.php?rest_route=%2Fwp%2Fv2%2Fmedia&parent=13518"}],"wp:term":[{"taxonomy":"category","embeddable":true,"href":"https:\/\/atitudenoticias.com.br\/index.php?rest_route=%2Fwp%2Fv2%2Fcategories&post=13518"},{"taxonomy":"post_tag","embeddable":true,"href":"https:\/\/atitudenoticias.com.br\/index.php?rest_route=%2Fwp%2Fv2%2Ftags&post=13518"}],"curies":[{"name":"wp","href":"https:\/\/api.w.org\/{rel}","templated":true}]}}