{"id":13661,"date":"2023-12-27T18:02:48","date_gmt":"2023-12-27T21:02:48","guid":{"rendered":"http:\/\/atitudenoticias.com.br\/?p=13661"},"modified":"2023-12-27T18:02:49","modified_gmt":"2023-12-27T21:02:49","slug":"camara-inicia-reforma-nos-predios-e-servidores-passam-a-trabalhar-remotamente-ate-1-de-fevereiro","status":"publish","type":"post","link":"https:\/\/atitudenoticias.com.br\/?p=13661","title":{"rendered":"C\u00e2mara inicia reforma nos pr\u00e9dios e servidores passam a trabalhar remotamente at\u00e9 1 de fevereiro"},"content":{"rendered":"\n<p><em><strong>Os servidores em regime de trabalho remoto dever\u00e3o assegurar a disponibilidade durante o hor\u00e1rio de trabalho habitual<\/strong><\/em><\/p>\n\n\n\n<p>Em virtude de uma grande reforma que est\u00e1 acontecendo no pr\u00e9dio anexo e tamb\u00e9m de melhorias nas instala\u00e7\u00f5es do seu edif\u00edcio-sede, a C\u00e2mara de Feira de Santana instituiu, a partir de hoje (26), o trabalho remoto (home office) para seus servidores. A medida, assinada pela presidente da Casa, vereadora Eremita Mota (PSDB), vale at\u00e9 o dia 1 de fevereiro. S\u00e3o v\u00e1rias as justificativas para a portaria, de n\u00famero 278, publicada no Di\u00e1rio Oficial Eletr\u00f4nico do Poder Legislativo, inclusive relacionadas \u00e0 seguran\u00e7a dos funcion\u00e1rios.<\/p>\n\n\n\n<p>Os pr\u00e9dios, conforme o documento, devem ser totalmente desocupados, em raz\u00e3o das obras. No entanto, diz o decreto, \u00e9 necess\u00e1rio considerar \u201ca import\u00e2ncia de conciliar a continuidade dos servi\u00e7os p\u00fablicos legislativos com o bem estar e a qualidade de vida dos servidores\u201d, al\u00e9m de proteger a sa\u00fade destes no contexto da seguran\u00e7a do trabalho. O texto ainda registra os \u201cbenef\u00edcios do trabalho remoto em termos de flexibilidade, produtividade e sustentabilidade\u201d.<\/p>\n\n\n\n<p>Os servidores em regime de trabalho remoto dever\u00e3o assegurar a disponibilidade durante o hor\u00e1rio de trabalho habitual, mantendo a comunica\u00e7\u00e3o constante e efetiva para o cumprimento de suas fun\u00e7\u00f5es, garantindo a confidencialidade e integridade das informa\u00e7\u00f5es institucionais acessadas e tratadas fora das depend\u00eancias da C\u00e2mara Municipal.<\/p>\n\n\n\n<p>N\u00e3o h\u00e1 altera\u00e7\u00e3o dos direitos e obriga\u00e7\u00f5es do pessoal, incluindo jornada de trabalho, remunera\u00e7\u00e3o e demais benef\u00edcios previstos no regime jur\u00eddico a que est\u00e3o submetidos. Eventuais exce\u00e7\u00f5es ou situa\u00e7\u00f5es n\u00e3o previstas na portaria ser\u00e3o analisadas pela Presid\u00eancia da C\u00e2mara, observando-se as normas legais e os princ\u00edpios da administra\u00e7\u00e3o p\u00fablica. <strong><em>(ASCOM\/CMFS)<\/em><\/strong><\/p>\n\n\n\n<p><\/p>\n","protected":false},"excerpt":{"rendered":"<p>Os servidores em regime de trabalho remoto dever\u00e3o assegurar a disponibilidade durante o hor\u00e1rio de&hellip;<\/p>\n","protected":false},"author":2,"featured_media":9521,"comment_status":"open","ping_status":"open","sticky":false,"template":"","format":"standard","meta":{"footnotes":""},"categories":[58,30],"tags":[],"class_list":["post-13661","post","type-post","status-publish","format-standard","has-post-thumbnail","hentry","category-feira-de-santana","category-politica"],"_links":{"self":[{"href":"https:\/\/atitudenoticias.com.br\/index.php?rest_route=\/wp\/v2\/posts\/13661","targetHints":{"allow":["GET"]}}],"collection":[{"href":"https:\/\/atitudenoticias.com.br\/index.php?rest_route=\/wp\/v2\/posts"}],"about":[{"href":"https:\/\/atitudenoticias.com.br\/index.php?rest_route=\/wp\/v2\/types\/post"}],"author":[{"embeddable":true,"href":"https:\/\/atitudenoticias.com.br\/index.php?rest_route=\/wp\/v2\/users\/2"}],"replies":[{"embeddable":true,"href":"https:\/\/atitudenoticias.com.br\/index.php?rest_route=%2Fwp%2Fv2%2Fcomments&post=13661"}],"version-history":[{"count":1,"href":"https:\/\/atitudenoticias.com.br\/index.php?rest_route=\/wp\/v2\/posts\/13661\/revisions"}],"predecessor-version":[{"id":13662,"href":"https:\/\/atitudenoticias.com.br\/index.php?rest_route=\/wp\/v2\/posts\/13661\/revisions\/13662"}],"wp:featuredmedia":[{"embeddable":true,"href":"https:\/\/atitudenoticias.com.br\/index.php?rest_route=\/wp\/v2\/media\/9521"}],"wp:attachment":[{"href":"https:\/\/atitudenoticias.com.br\/index.php?rest_route=%2Fwp%2Fv2%2Fmedia&parent=13661"}],"wp:term":[{"taxonomy":"category","embeddable":true,"href":"https:\/\/atitudenoticias.com.br\/index.php?rest_route=%2Fwp%2Fv2%2Fcategories&post=13661"},{"taxonomy":"post_tag","embeddable":true,"href":"https:\/\/atitudenoticias.com.br\/index.php?rest_route=%2Fwp%2Fv2%2Ftags&post=13661"}],"curies":[{"name":"wp","href":"https:\/\/api.w.org\/{rel}","templated":true}]}}