{"id":13877,"date":"2024-01-12T18:10:55","date_gmt":"2024-01-12T21:10:55","guid":{"rendered":"http:\/\/atitudenoticias.com.br\/?p=13877"},"modified":"2024-01-14T23:46:05","modified_gmt":"2024-01-15T02:46:05","slug":"human-rights-watch-violencia-policial-cresce-no-brasil-desde-2018","status":"publish","type":"post","link":"https:\/\/atitudenoticias.com.br\/?p=13877","title":{"rendered":"Human Rights Watch: viol\u00eancia policial cresce no Brasil desde 2018"},"content":{"rendered":"\n<p><strong><em>Em 2022, 6,4 mil pessoas foram mortas por policiais<\/em><\/strong><\/p>\n\n\n\n<p>A viol\u00eancia policial cresce no Brasil desde 2018, afirma a organiza\u00e7\u00e3o n\u00e3o governamental Human Rights Watch (HRW). O&nbsp;<em>Relat\u00f3rio Mundial sobre Direitos Humanos de 2024<\/em>&nbsp;novamente traz o tema das mortes causadas pela pol\u00edcia como uma preocupa\u00e7\u00e3o em rela\u00e7\u00e3o ao pa\u00eds.<img decoding=\"async\" src=\"https:\/\/agenciabrasil.ebc.com.br\/ebc.png?id=1576175&amp;o=node\"><img decoding=\"async\" src=\"https:\/\/agenciabrasil.ebc.com.br\/ebc.gif?id=1576175&amp;o=node\"><\/p>\n\n\n\n<p>\u201cO que eu vejo \u00e9 a continua\u00e7\u00e3o de uma tend\u00eancia muito ruim. O n\u00famero de mortes causadas pela pol\u00edcia chegou a mais de 6 mil em 2018, e desde ent\u00e3o continua nesse patamar\u201d, enfatizou o diretor do escrit\u00f3rio da ONG no Brasil, C\u00e9sar Mu\u00f1oz.<\/p>\n\n\n\n<p>Com base nos dados do F\u00f3rum Brasileiro de Seguran\u00e7a P\u00fablica, a HRW destaca que, em 2022, foram mortas por policiais em servi\u00e7o e de folga&nbsp;6,4 mil pessoas no pa\u00eds. Mu\u00f1oz acrescenta que \u201c80% dos mortos pela pol\u00edcia no Brasil s\u00e3o pessoas negras\u201d.<\/p>\n\n\n\n<p>Em S\u00e3o Paulo, ap\u00f3s uma queda de 59% em dois anos, foi registrado um aumento em 2023. De janeiro a setembro do ano passado, o n\u00famero de pessoas mortas por policiais em servi\u00e7o aumentou 45%.<\/p>\n\n\n\n<p>A chamada Opera\u00e7\u00e3o Escudo \u00e9 destacada na publica\u00e7\u00e3o da organiza\u00e7\u00e3o. Em 40 dias de a\u00e7\u00e3o, 28 pessoas foram mortas pela pol\u00edcia em Guaruj\u00e1&nbsp;e Santos, no litoral paulista. As interven\u00e7\u00f5es na regi\u00e3o foram uma rea\u00e7\u00e3o do governo estadual ao assassinato do policial militar Patrick Bastos, que fazia parte das Rondas Ostensivas Tobias Aguiar (Rota), no final de julho de 2023.<\/p>\n\n\n\n<p>Na opera\u00e7\u00e3o, a HRW identificou problemas que, segundo a organiza\u00e7\u00e3o, dificultam o controle da atividade policial no pa\u00eds. \u201cO que vimos foram falhas muito importantes na investiga\u00e7\u00e3o, especialmente a qualidade ou falta de qualidade das per\u00edcias\u201d, enfatiza Mu\u00f1oz.<\/p>\n\n\n\n<p>Sem essas informa\u00e7\u00f5es, o Minist\u00e9rio P\u00fablico, respons\u00e1vel pelo acompanhamento da a\u00e7\u00e3o das pol\u00edcias, n\u00e3o tem, na avalia\u00e7\u00e3o do diretor da ONG, a possibilidade de fazer uma avalia\u00e7\u00e3o correta do trabalho das corpora\u00e7\u00f5es. Faltam, inclusive, provas para denunciar agentes do Estado com atua\u00e7\u00e3o fora da lei.<\/p>\n\n\n\n<p>Para enfrentar o problema, Mu\u00f1oz acredita que seja necess\u00e1ria uma pol\u00edtica nacional focada em diminuir o n\u00famero de mortes causadas pela pol\u00edcia, ainda que a letalidade seja um problema mais concentrado nas pol\u00edcias estaduais. Para o diretor, o tema da qualidade das per\u00edcias deve ser \u201cuma prioridade nacional\u201d. Da mesma forma, ele defende que \u00e9 preciso haver uma diretriz que abranja todo o pa\u00eds para utiliza\u00e7\u00e3o de c\u00e2meras corporais pelos policiais.<\/p>\n\n\n\n<p>A letalidade policial est\u00e1, segundo o diretor da ONG, diretamente ligada a crimes cometidos por agentes do Estado. \u201cA corrup\u00e7\u00e3o policial est\u00e1 muito vinculada com a viol\u00eancia, porque o policial abusivo tem o poder de extorquir. O policial abusivo que pode abusar da popula\u00e7\u00e3o com impunidade&nbsp;pode matar, sem nenhuma penalidade, ele tem uma decis\u00e3o sobre a vida ou morte, ent\u00e3o pode exigir dinheiro para n\u00e3o matar.\u201d<\/p>\n\n\n\n<h2 class=\"wp-block-heading\">Enfrentamento ao crime<\/h2>\n\n\n\n<p>Ao comentar a crise no Equador, a diretora para as Am\u00e9ricas da HRW, Juanita Goebertus, defendeu o combate ao crime com base em investiga\u00e7\u00f5es. Segundo ela, \u00e9 preciso descobrir \u201cos elos de corrup\u00e7\u00e3o que permitiram essas organiza\u00e7\u00f5es criminosas existir e ganhar for\u00e7a&#8221;. &#8220;\u00c9 preciso ser capaz de identificar a lavagem de dinheiro e cortar as conex\u00f5es que permitem essas organiza\u00e7\u00f5es crescerem e se manterem ao longo dos anos\u201d, acrescentou.<\/p>\n\n\n\n<p>O Equador enfrenta nas \u00faltimas semanas uma crise de seguran\u00e7a, com atentados praticados por organiza\u00e7\u00f5es criminosas e diversos confrontos com a pol\u00edcia. O presidente do pa\u00eds, Daniel Noboa, que j\u00e1 havia decretado estado de exce\u00e7\u00e3o ap\u00f3s a fuga de um l\u00edder criminoso, declarou que o Equador vive um \u201cconflito armado\u201d depois dos enfrentamentos que se seguiram.<\/p>\n\n\n\n<p>Juanita avalia que a decis\u00e3o abre espa\u00e7o para abusos das For\u00e7as Armadas que podem ser empregadas como for\u00e7a policial a partir da declara\u00e7\u00e3o.<\/p>\n\n\n\n<p><strong>(Ag\u00eancia Brasil &#8211; Foto: Fernando Fraz\u00e3o)<\/strong><\/p>\n","protected":false},"excerpt":{"rendered":"<p>Em 2022, 6,4 mil pessoas foram mortas por policiais A viol\u00eancia policial cresce no Brasil&hellip;<\/p>\n","protected":false},"author":2,"featured_media":13878,"comment_status":"open","ping_status":"open","sticky":false,"template":"","format":"standard","meta":{"footnotes":""},"categories":[20,60],"tags":[],"class_list":["post-13877","post","type-post","status-publish","format-standard","has-post-thumbnail","hentry","category-brasil","category-policia"],"_links":{"self":[{"href":"https:\/\/atitudenoticias.com.br\/index.php?rest_route=\/wp\/v2\/posts\/13877","targetHints":{"allow":["GET"]}}],"collection":[{"href":"https:\/\/atitudenoticias.com.br\/index.php?rest_route=\/wp\/v2\/posts"}],"about":[{"href":"https:\/\/atitudenoticias.com.br\/index.php?rest_route=\/wp\/v2\/types\/post"}],"author":[{"embeddable":true,"href":"https:\/\/atitudenoticias.com.br\/index.php?rest_route=\/wp\/v2\/users\/2"}],"replies":[{"embeddable":true,"href":"https:\/\/atitudenoticias.com.br\/index.php?rest_route=%2Fwp%2Fv2%2Fcomments&post=13877"}],"version-history":[{"count":1,"href":"https:\/\/atitudenoticias.com.br\/index.php?rest_route=\/wp\/v2\/posts\/13877\/revisions"}],"predecessor-version":[{"id":13879,"href":"https:\/\/atitudenoticias.com.br\/index.php?rest_route=\/wp\/v2\/posts\/13877\/revisions\/13879"}],"wp:featuredmedia":[{"embeddable":true,"href":"https:\/\/atitudenoticias.com.br\/index.php?rest_route=\/wp\/v2\/media\/13878"}],"wp:attachment":[{"href":"https:\/\/atitudenoticias.com.br\/index.php?rest_route=%2Fwp%2Fv2%2Fmedia&parent=13877"}],"wp:term":[{"taxonomy":"category","embeddable":true,"href":"https:\/\/atitudenoticias.com.br\/index.php?rest_route=%2Fwp%2Fv2%2Fcategories&post=13877"},{"taxonomy":"post_tag","embeddable":true,"href":"https:\/\/atitudenoticias.com.br\/index.php?rest_route=%2Fwp%2Fv2%2Ftags&post=13877"}],"curies":[{"name":"wp","href":"https:\/\/api.w.org\/{rel}","templated":true}]}}