{"id":1407,"date":"2026-04-16T10:30:27","date_gmt":"2026-04-16T13:30:27","guid":{"rendered":"http:\/\/pencidesign.com\/soledad\/soledad-music\/?p=10"},"modified":"2026-04-24T01:25:05","modified_gmt":"2026-04-24T04:25:05","slug":"rising-inflation-uk-living-standards-will-be-squeezed","status":"publish","type":"post","link":"https:\/\/atitudenoticias.com.br\/?p=1407","title":{"rendered":"Cl\u00e1ssicos e mistura de gera\u00e7\u00f5es: Guns N\u2019 Roses re\u00fane 40 mil pessoas em Salvador"},"content":{"rendered":"\n<p class=\"has-text-align-center\"><em><strong>Cl\u00e1ssicos e mistura de gera\u00e7\u00f5es: Guns N\u2019 Roses re\u00fane 40 mil pessoas em Salvador<\/strong><\/em><\/p>\n\n\n\n<p>Com 40 mil pessoas gritando ao som de &#8220;Welcome to the Jungle&#8221;, a banda\u00a0<a href=\"https:\/\/g1.globo.com\/tudo-sobre\/guns-n-roses\/\" class=\"\">Guns N&#8217; Roses<\/a>\u00a0iniciou o show na Arena Fonte Nova, em Salvador, nesta quarta-feira (15). Na plateia, uma mistura de gera\u00e7\u00f5es: pais, av\u00f3s e crian\u00e7as, em sincronia, vibraram ao som dos solos do guitarrista Slash.<\/p>\n\n\n\n<p>A apresenta\u00e7\u00e3o na capital baiana fez parte da turn\u00ea &#8220;Because What You Want and What You Get Are Two Completely Different Things&#8221; no Brasil. Dessa vez, o grupo passou por cidades fora do eixo Rio\/ S\u00e3o Paulo, como Salvador (BA), S\u00e3o Lu\u00eds (MA) e Bel\u00e9m (PA).<\/p>\n\n\n\n<p>A banda Raimundos, dona de sucessos como &#8220;Mulher de Fases&#8221; e &#8220;Me Lambe&#8221;, abriu os shows no Brasil.<\/p>\n\n\n\n<p>Durante a apresenta\u00e7\u00e3o, o vocalista Axl Rose arriscou algumas palavras em portugu\u00eas, como &#8220;obrigada&#8221; e &#8220;boa noite&#8221;. Em ingl\u00eas, o artista de 64 anos celebrou a vinda para Salvador.<\/p>\n\n\n\n<blockquote class=\"wp-block-quote is-layout-flow wp-block-quote-is-layout-flow\">\n<p>&#8220;Estou muito feliz em estar aqui com voc\u00eas&#8221;, disse.<\/p>\n<\/blockquote>\n\n\n\n<p>A noite foi marcada por grandes sucessos como November Rain, Patience e, claro, Sweet Child O&#8217; Mine, cantada em un\u00edssono por quem estava na Arena Fonte Nova. O show de quase tr\u00eas horas de dura\u00e7\u00e3o foi finalizado com Paradise City e com os guitarristas Slash e Richard Fortus, e o baixista Duff McKagan, jogando as paletas para o p\u00fablico.<\/p>\n\n\n\n<h2 class=\"wp-block-heading\">&#8220;S\u00f3sia&#8221; de Axl Rose e f\u00e3s adolescentes<\/h2>\n\n\n\n<figure class=\"wp-block-image\"><img decoding=\"async\" src=\"https:\/\/s2-g1.glbimg.com\/lvK7KIS-_2xCfWKrwzAC8ppLpkU=\/0x0:1200x720\/984x0\/smart\/filters:strip_icc()\/i.s3.glbimg.com\/v1\/AUTH_59edd422c0c84a879bd37670ae4f538a\/internal_photos\/bs\/2026\/k\/x\/7aY3pPTEya8AfH0JApfw\/whatsapp-image-2026-04-15-at-20.40.41.jpg\" alt=\"S\u00f3sia de Axl Rose e fam\u00edlia em Salvador \u2014 Foto: Malu Vieira\/g1\"\/><\/figure>\n\n\n\n<p>S\u00f3sia de Axl Rose e fam\u00edlia em Salvador \u2014 Foto: Malu Vieira\/g1<\/p>\n\n\n\n<p>Da plateia, o baiano Milnei Dias animava a multid\u00e3o vestido de Axl Rose. O banc\u00e1rio de 45 anos se fantasiou do \u00eddolo pela primeira vez em 2017, quando foi ao show da banda no Rock In Rio. A ideia virou uma tradi\u00e7\u00e3o que n\u00e3o poderia ser quebrada no primeiro show do grupo em Salvador.<\/p>\n\n\n\n<blockquote class=\"wp-block-quote is-layout-flow wp-block-quote-is-layout-flow\">\n<p>\u201cAssistir ao show ao lado do meu filho, na minha terra, \u00e9 uma emo\u00e7\u00e3o sem igual. Teremos uma mem\u00f3ria incr\u00edvel\u201d, afirmou.<\/p>\n<\/blockquote>\n\n\n\n<p>Quem tamb\u00e9m marcou presen\u00e7a no show foram os adolescentes. Gabriel Dourado, de 16 anos, \u00e9 roqueiro de carteirinha e recrutou a fam\u00edlia para o momento t\u00e3o esperado.&nbsp;<strong>\u201cGuns N\u2019 Roses em Salvador \u00e9 uma oportunidade \u00fanica, quando isso vai acontecer de novo?\u201d.<\/strong><\/p>\n\n\n\n<p>O baiano come\u00e7ou a ouvir a banda por influ\u00eancia dos pais e o gosto pegou. Nesta quarta, pai, m\u00e3e, irm\u00e3, tios e amigo completaram a equipe que viu de pertinho os solos de Slash na Arena Fonte Nova. E depois, ainda tem mais: Gabriel j\u00e1 tem ingressos comprados para o show de Iron Maiden neste ano, em S\u00e3o Paulo.<\/p>\n\n\n\n<figure class=\"wp-block-image\"><img decoding=\"async\" src=\"https:\/\/s2-g1.glbimg.com\/U3JFxWRWvQUBRAslEyJYgooSOEQ=\/0x0:1600x1200\/984x0\/smart\/filters:strip_icc()\/i.s3.glbimg.com\/v1\/AUTH_59edd422c0c84a879bd37670ae4f538a\/internal_photos\/bs\/2026\/V\/i\/QQexF8TsOhnYrbHLBJqw\/whatsapp-image-2026-04-15-at-18.37.50.jpeg\" alt=\"O estudante Gabriel Dourado e fam\u00edlia no show do Guns \u2014 Foto: Malu Vieira - g1\"\/><\/figure>\n\n\n\n<p>O estudante Gabriel Dourado e fam\u00edlia no show do Guns \u2014 Foto: Malu Vieira &#8211; g1<\/p>\n\n\n\n<p>Assim como Gabriel, a estudante Marina Oliveira, de 16 anos, come\u00e7ou a ouvir Guns N\u2019 Roses por influ\u00eancia dos pais. A m\u00e3e, a m\u00e9dica Isabeli Queiroz, penou para conseguir os ingressos para o show: entrou na fila virtual pelo celular e computador, torcendo para conseguir os t\u00e3o sonhados acessos. Deu certo!<\/p>\n\n\n\n<blockquote class=\"wp-block-quote is-layout-flow wp-block-quote-is-layout-flow\">\n<p>\u201c\u00c9 emocionante sentir isso ao lado da minha filha, depois de anos escutando as m\u00fasicas juntas\u201d, afirmou.<\/p>\n<\/blockquote>\n\n\n\n<ul class=\"wp-block-list\">\n<li><a href=\"https:\/\/g1.globo.com\/ba\/bahia\/noticia\/2026\/04\/15\/fotografo-que-tira-foto-de-guitarrista-do-guns-n-roses-correndo-em-salvador.ghtml\" class=\"\">Fot\u00f3grafo f\u00e3 de Guns N&#8217; Roses vibra ap\u00f3s conseguir registro exclusivo de guitarrista na orla de Salvador: &#8216;Um presente&#8217;<\/a><\/li>\n<\/ul>\n\n\n\n<figure class=\"wp-block-image\"><img decoding=\"async\" src=\"https:\/\/s2-g1.glbimg.com\/iwAhxNaZcOL-NzyV59vBEu0ttVE=\/0x0:1600x1200\/984x0\/smart\/filters:strip_icc()\/i.s3.glbimg.com\/v1\/AUTH_59edd422c0c84a879bd37670ae4f538a\/internal_photos\/bs\/2026\/6\/m\/ZWrl3MRGibx0TVaMAExA\/whatsapp-image-2026-04-15-at-18.39.52.jpeg\" alt=\"Marina Oliveira ao lado do pai e da m\u00e3e esperam o show em Salvador \u2014 Foto: Malu Vieira - g1\"\/><\/figure>\n\n\n\n<p>Marina Oliveira ao lado do pai e da m\u00e3e esperam o show em Salvador \u2014 Foto: Malu Vieira &#8211; g1<\/p>\n\n\n\n<p><strong><em>(G1\/Bahia)<\/em><\/strong><\/p>\n","protected":false},"excerpt":{"rendered":"<p>Cl\u00e1ssicos e mistura de gera\u00e7\u00f5es: Guns N\u2019 Roses re\u00fane 40 mil pessoas em Salvador Com&hellip;<\/p>\n","protected":false},"author":1,"featured_media":23475,"comment_status":"open","ping_status":"open","sticky":true,"template":"","format":"standard","meta":{"footnotes":""},"categories":[22,35,84],"tags":[37,42,44],"class_list":["post-1407","post","type-post","status-publish","format-standard","has-post-thumbnail","hentry","category-bahia","category-musica","category-rock-atitude","tag-business","tag-magazine","tag-news"],"_links":{"self":[{"href":"https:\/\/atitudenoticias.com.br\/index.php?rest_route=\/wp\/v2\/posts\/1407","targetHints":{"allow":["GET"]}}],"collection":[{"href":"https:\/\/atitudenoticias.com.br\/index.php?rest_route=\/wp\/v2\/posts"}],"about":[{"href":"https:\/\/atitudenoticias.com.br\/index.php?rest_route=\/wp\/v2\/types\/post"}],"author":[{"embeddable":true,"href":"https:\/\/atitudenoticias.com.br\/index.php?rest_route=\/wp\/v2\/users\/1"}],"replies":[{"embeddable":true,"href":"https:\/\/atitudenoticias.com.br\/index.php?rest_route=%2Fwp%2Fv2%2Fcomments&post=1407"}],"version-history":[{"count":1,"href":"https:\/\/atitudenoticias.com.br\/index.php?rest_route=\/wp\/v2\/posts\/1407\/revisions"}],"predecessor-version":[{"id":24858,"href":"https:\/\/atitudenoticias.com.br\/index.php?rest_route=\/wp\/v2\/posts\/1407\/revisions\/24858"}],"wp:featuredmedia":[{"embeddable":true,"href":"https:\/\/atitudenoticias.com.br\/index.php?rest_route=\/wp\/v2\/media\/23475"}],"wp:attachment":[{"href":"https:\/\/atitudenoticias.com.br\/index.php?rest_route=%2Fwp%2Fv2%2Fmedia&parent=1407"}],"wp:term":[{"taxonomy":"category","embeddable":true,"href":"https:\/\/atitudenoticias.com.br\/index.php?rest_route=%2Fwp%2Fv2%2Fcategories&post=1407"},{"taxonomy":"post_tag","embeddable":true,"href":"https:\/\/atitudenoticias.com.br\/index.php?rest_route=%2Fwp%2Fv2%2Ftags&post=1407"}],"curies":[{"name":"wp","href":"https:\/\/api.w.org\/{rel}","templated":true}]}}