{"id":14826,"date":"2024-03-25T23:31:27","date_gmt":"2024-03-26T02:31:27","guid":{"rendered":"http:\/\/atitudenoticias.com.br\/?p=14826"},"modified":"2024-03-25T23:33:41","modified_gmt":"2024-03-26T02:33:41","slug":"tarifas-dos-correios-terao-reajuste-de-439-a-partir-de-3-de-abril","status":"publish","type":"post","link":"https:\/\/atitudenoticias.com.br\/?p=14826","title":{"rendered":"Tarifas dos Correios ter\u00e3o reajuste de 4,39% a partir de 3 de abril"},"content":{"rendered":"\n<p><strong><em>Com novo percentual, o valor de envio de carta social acima de 200 gramas e at\u00e9 250 gramas vai subir de R$ 7,90 para R$ 8,25<\/em><\/strong><\/p>\n\n\n\n<p>Os Correios ir\u00e3o reajustar em 4,39% suas tarifas de servi\u00e7os postais e telegr\u00e1ficos nacionais e internacionais. A medida foi publicada no Di\u00e1rio Oficial da Uni\u00e3o desta segunda-feira (25) pelo Minist\u00e9rio das Comunica\u00e7\u00f5es.\u00a0<\/p>\n\n\n\n<p>As novas tarifas passam a valer em 3 de abril e foram calculadas de acordo com a infla\u00e7\u00e3o medida pelo IPCA (\u00cdndice Nacional de Pre\u00e7os ao Consumidor Amplo) no per\u00edodo de janeiro a dezembro de 2023.\u00a0<\/p>\n\n\n\n<p>Correios ir\u00e1 reajustar em 4,39% suas tarifas de servi\u00e7os postais e telegr\u00e1ficos, aprovada pelo Minist\u00e9rio das Comunica\u00e7\u00f5es nesta segunda-feira (25). Na foto, O reajuste de tarifas dos Correios \u00e9 feito anualmente. Em mar\u00e7o de 2023, o governo aprovou reajuste de 5,49% sobre os mesmos servi\u00e7os. O aumento n\u00e3o se aplica aos servi\u00e7os de encomendas, como PAC e Sedex.\u00a0<\/p>\n\n\n\n<p>Com novo percentual, o valor de envio de carta social acima de 200 gramas e at\u00e9 250 gramas vai subir de R$ 7,90 para R$ 8,25, por exemplo. J\u00e1 o servi\u00e7o de telegrama pela internet subir\u00e1 para R$ 10,74. O valor anterior era R$ 10,29.<\/p>\n\n\n\n<p>Nos servi\u00e7os postais internacionais, a varia\u00e7\u00e3o de pre\u00e7o por pesos de cartas e postais na modalidade priorit\u00e1ria tamb\u00e9m ter\u00e1 reajuste.\u00a0<\/p>\n\n\n\n<p>Diferentemente das demais modalidades, neste caso, os valores variam conforme o grupo tarif\u00e1rio ao qual o pa\u00eds de destino faz parte.<\/p>\n\n\n\n<p>Todas as novas tarifas podem ser consultadas na\u00a0<strong><a href=\"https:\/\/in.gov.br\/web\/dou\/-\/portaria-mcom-n-12.549-de-14-de-marco-de-2024-549877335\">portaria n\u00ba 12.549, de 14 de mar\u00e7o de 2024<\/a><\/strong>.\u00a0<\/p>\n","protected":false},"excerpt":{"rendered":"<p>Com novo percentual, o valor de envio de carta social acima de 200 gramas e&hellip;<\/p>\n","protected":false},"author":2,"featured_media":14827,"comment_status":"open","ping_status":"open","sticky":false,"template":"","format":"standard","meta":{"footnotes":""},"categories":[20,56],"tags":[],"class_list":["post-14826","post","type-post","status-publish","format-standard","has-post-thumbnail","hentry","category-brasil","category-economia"],"_links":{"self":[{"href":"https:\/\/atitudenoticias.com.br\/index.php?rest_route=\/wp\/v2\/posts\/14826","targetHints":{"allow":["GET"]}}],"collection":[{"href":"https:\/\/atitudenoticias.com.br\/index.php?rest_route=\/wp\/v2\/posts"}],"about":[{"href":"https:\/\/atitudenoticias.com.br\/index.php?rest_route=\/wp\/v2\/types\/post"}],"author":[{"embeddable":true,"href":"https:\/\/atitudenoticias.com.br\/index.php?rest_route=\/wp\/v2\/users\/2"}],"replies":[{"embeddable":true,"href":"https:\/\/atitudenoticias.com.br\/index.php?rest_route=%2Fwp%2Fv2%2Fcomments&post=14826"}],"version-history":[{"count":1,"href":"https:\/\/atitudenoticias.com.br\/index.php?rest_route=\/wp\/v2\/posts\/14826\/revisions"}],"predecessor-version":[{"id":14828,"href":"https:\/\/atitudenoticias.com.br\/index.php?rest_route=\/wp\/v2\/posts\/14826\/revisions\/14828"}],"wp:featuredmedia":[{"embeddable":true,"href":"https:\/\/atitudenoticias.com.br\/index.php?rest_route=\/wp\/v2\/media\/14827"}],"wp:attachment":[{"href":"https:\/\/atitudenoticias.com.br\/index.php?rest_route=%2Fwp%2Fv2%2Fmedia&parent=14826"}],"wp:term":[{"taxonomy":"category","embeddable":true,"href":"https:\/\/atitudenoticias.com.br\/index.php?rest_route=%2Fwp%2Fv2%2Fcategories&post=14826"},{"taxonomy":"post_tag","embeddable":true,"href":"https:\/\/atitudenoticias.com.br\/index.php?rest_route=%2Fwp%2Fv2%2Ftags&post=14826"}],"curies":[{"name":"wp","href":"https:\/\/api.w.org\/{rel}","templated":true}]}}