{"id":14835,"date":"2024-03-25T23:30:02","date_gmt":"2024-03-26T02:30:02","guid":{"rendered":"http:\/\/atitudenoticias.com.br\/?p=14835"},"modified":"2024-03-25T23:34:12","modified_gmt":"2024-03-26T02:34:12","slug":"governo-do-estado-entrega-ambulancias-e-equipamentos-de-saude-que-vao-beneficiar-municipios-baianos","status":"publish","type":"post","link":"https:\/\/atitudenoticias.com.br\/?p=14835","title":{"rendered":"Governo do Estado entrega ambul\u00e2ncias e equipamentos de sa\u00fade que v\u00e3o beneficiar munic\u00edpios baianos"},"content":{"rendered":"\n<p><em><strong>No total, foram aplicados mais de R$ 28,9 milh\u00f5es para fortalecer a assist\u00eancia b\u00e1sica em sa\u00fade prestada pelas prefeituras de mais de 180 munic\u00edpios baianos<\/strong><\/em><\/p>\n\n\n\n<p>O Governo do Estado entregou, na manh\u00e3 desta segunda-feira (25), 23 novas ambul\u00e2ncias. O ato, conduzido pelo governador Jer\u00f4nimo Rodrigues e pela secret\u00e1ria de sa\u00fade Roberta Santana, tamb\u00e9m marca a entrega de 402 entre kits com aparelhos de sa\u00fade. No total, foram aplicados mais de R$ 28,9 milh\u00f5es para fortalecer a assist\u00eancia b\u00e1sica em sa\u00fade prestada pelas prefeituras de mais de 180 munic\u00edpios baianos. O ato de entrega acontece Parque de Exposi\u00e7\u00f5es de Salvador, na presen\u00e7a de diversas autoridades.<\/p>\n\n\n\n<p>\u201cA sa\u00fade, o tratamento, n\u00e3o come\u00e7am na \u00faltima inst\u00e2ncia de uma situa\u00e7\u00e3o, por mais grave que seja. Ela passa pelas m\u00e3os das secretarias municipais de sa\u00fade. \u00c9 fundamental que a gente possa construir esse sistema de sa\u00fade bem fortalecido\u201d, destacou o governador, ao refor\u00e7ar a import\u00e2ncia de investir em sa\u00fade dos munic\u00edpios e, em seguida, afirmar que novas entregas ser\u00e3o feitas.<\/p>\n\n\n\n<p>O investimento total para o refor\u00e7o da frota de ambul\u00e2ncias de quase R$ 6,2 milh\u00f5es. A capital recebe dois novos ve\u00edculos modelo Toyota Hillux, al\u00e9m de cidades como Abar\u00e9, Nilo Pe\u00e7anha, Sento S\u00e9, El\u00edsio Medrado e Igrapi\u00fana. J\u00e1 os aparelhos de sa\u00fade somam mais de R$ 22,7 milh\u00f5es.<em><strong> (SECOM\/GOVBA)<\/strong><\/em><\/p>\n","protected":false},"excerpt":{"rendered":"<p>No total, foram aplicados mais de R$ 28,9 milh\u00f5es para fortalecer a assist\u00eancia b\u00e1sica em&hellip;<\/p>\n","protected":false},"author":2,"featured_media":14836,"comment_status":"open","ping_status":"open","sticky":false,"template":"","format":"standard","meta":{"footnotes":""},"categories":[22,66,25],"tags":[],"class_list":["post-14835","post","type-post","status-publish","format-standard","has-post-thumbnail","hentry","category-bahia","category-municipios","category-saude"],"_links":{"self":[{"href":"https:\/\/atitudenoticias.com.br\/index.php?rest_route=\/wp\/v2\/posts\/14835","targetHints":{"allow":["GET"]}}],"collection":[{"href":"https:\/\/atitudenoticias.com.br\/index.php?rest_route=\/wp\/v2\/posts"}],"about":[{"href":"https:\/\/atitudenoticias.com.br\/index.php?rest_route=\/wp\/v2\/types\/post"}],"author":[{"embeddable":true,"href":"https:\/\/atitudenoticias.com.br\/index.php?rest_route=\/wp\/v2\/users\/2"}],"replies":[{"embeddable":true,"href":"https:\/\/atitudenoticias.com.br\/index.php?rest_route=%2Fwp%2Fv2%2Fcomments&post=14835"}],"version-history":[{"count":1,"href":"https:\/\/atitudenoticias.com.br\/index.php?rest_route=\/wp\/v2\/posts\/14835\/revisions"}],"predecessor-version":[{"id":14837,"href":"https:\/\/atitudenoticias.com.br\/index.php?rest_route=\/wp\/v2\/posts\/14835\/revisions\/14837"}],"wp:featuredmedia":[{"embeddable":true,"href":"https:\/\/atitudenoticias.com.br\/index.php?rest_route=\/wp\/v2\/media\/14836"}],"wp:attachment":[{"href":"https:\/\/atitudenoticias.com.br\/index.php?rest_route=%2Fwp%2Fv2%2Fmedia&parent=14835"}],"wp:term":[{"taxonomy":"category","embeddable":true,"href":"https:\/\/atitudenoticias.com.br\/index.php?rest_route=%2Fwp%2Fv2%2Fcategories&post=14835"},{"taxonomy":"post_tag","embeddable":true,"href":"https:\/\/atitudenoticias.com.br\/index.php?rest_route=%2Fwp%2Fv2%2Ftags&post=14835"}],"curies":[{"name":"wp","href":"https:\/\/api.w.org\/{rel}","templated":true}]}}