{"id":15096,"date":"2024-04-15T17:19:19","date_gmt":"2024-04-15T20:19:19","guid":{"rendered":"http:\/\/atitudenoticias.com.br\/?p=15096"},"modified":"2024-04-15T17:19:20","modified_gmt":"2024-04-15T20:19:20","slug":"prefeitura-de-feira-cria-espaco-no-periodo-da-micareta-para-atender-catadores-de-latinhas","status":"publish","type":"post","link":"https:\/\/atitudenoticias.com.br\/?p=15096","title":{"rendered":"Prefeitura de Feira cria espa\u00e7o no per\u00edodo da Micareta para atender catadores de latinhas"},"content":{"rendered":"\n<p>Os catadores de latinhas e materiais recicl\u00e1veis ter\u00e3o aten\u00e7\u00e3o especial na Micareta 2024. A Secretaria Municipal de Servi\u00e7os P\u00fablicos (Sesp) vai instalar um ponto de apoio na rua S\u00e3o Domingos para acolh\u00ea-los.<\/p>\n\n\n\n<p>Neste local os cantadores ter\u00e3o acesso a refeit\u00f3rio, vesti\u00e1rio e \u00e1rea de conviv\u00eancia, al\u00e9m da distribui\u00e7\u00e3o de EPIs (Equipamentos de Prote\u00e7\u00e3o Individual). Essa iniciativa est\u00e1 sendo viabilizada junto \u00e0 empresa Sustentare, respons\u00e1vel pela limpeza e coleta de lixo na cidade.&nbsp;<\/p>\n\n\n\n<p>O secret\u00e1rio interino da pasta, Denilton Brito, explica que o projeto Micareta Sustent\u00e1vel e Solid\u00e1ria vai atender os catadores de recicl\u00e1veis cadastrados na Associa\u00e7\u00e3o Gabriela III e na cooperativa Artemares \u2013 entidades que demonstraram interesse em participar do projeto.<\/p>\n\n\n\n<p>\u201cAl\u00e9m da oferta de alimenta\u00e7\u00e3o e itens necess\u00e1rios para a atividade que os catadores de recicl\u00e1veis desenvolvem, como balan\u00e7as eletroeletr\u00f4nicas e sacos de r\u00e1fia, ser\u00e1 disponibilizado o transporte dos materiais coletados para as cooperativas. Ser\u00e1 utilizado para isso um caminh\u00e3o Munck e equipes para atender essa opera\u00e7\u00e3o\u201d, explica Denilton Brito.<\/p>\n\n\n\n<p>Ainda no per\u00edodo da Micareta [a festa come\u00e7a nesta quinta-feira (18) e segue at\u00e9 a manh\u00e3 de segunda-feira (22) com o arrast\u00e3o do cantor Thiago Aquino], a Sesp junto \u00e0 Sustentare v\u00e3o promover a capacita\u00e7\u00e3o de 320 colaboradores que v\u00e3o atuar na coleta de lixo na cidade. Estes profissionais foram contratados especialmente para o per\u00edodo da Micareta.&nbsp;<\/p>\n\n\n\n<p>Denilton Brito ainda destaca que os filhos dos catadores de materiais recicl\u00e1veis poder\u00e3o ficar no espa\u00e7o reservado \u00e0s crian\u00e7as e adolescentes, que est\u00e1 sendo montado pela Prefeitura de Feira no Col\u00e9gio Modelo Lu\u00eds Eduardo Magalh\u00e3es, onde haver\u00e1 equipes de profissionais para assisti-los.&nbsp;<\/p>\n\n\n\n<p>\u201cCriamos um espa\u00e7o para acomodar os filhos dos catadores de latinhas e materiais recicl\u00e1veis que, muitas vezes, n\u00e3o t\u00eam com quem deixar essas crian\u00e7as. Ser\u00e1 um local acolhedor e seguro\u201d, acrescenta o titular da Sedeso lembrando que todas essas pessoas foram previamente cadastradas pela Secretaria Municipal de Servi\u00e7os P\u00fablicos.<em><strong> (SECOM\/PMFS)<\/strong><\/em><\/p>\n","protected":false},"excerpt":{"rendered":"<p>Os catadores de latinhas e materiais recicl\u00e1veis ter\u00e3o aten\u00e7\u00e3o especial na Micareta 2024. A Secretaria&hellip;<\/p>\n","protected":false},"author":2,"featured_media":15097,"comment_status":"open","ping_status":"open","sticky":false,"template":"","format":"standard","meta":{"footnotes":""},"categories":[58,78],"tags":[],"class_list":["post-15096","post","type-post","status-publish","format-standard","has-post-thumbnail","hentry","category-feira-de-santana","category-micareta"],"_links":{"self":[{"href":"https:\/\/atitudenoticias.com.br\/index.php?rest_route=\/wp\/v2\/posts\/15096","targetHints":{"allow":["GET"]}}],"collection":[{"href":"https:\/\/atitudenoticias.com.br\/index.php?rest_route=\/wp\/v2\/posts"}],"about":[{"href":"https:\/\/atitudenoticias.com.br\/index.php?rest_route=\/wp\/v2\/types\/post"}],"author":[{"embeddable":true,"href":"https:\/\/atitudenoticias.com.br\/index.php?rest_route=\/wp\/v2\/users\/2"}],"replies":[{"embeddable":true,"href":"https:\/\/atitudenoticias.com.br\/index.php?rest_route=%2Fwp%2Fv2%2Fcomments&post=15096"}],"version-history":[{"count":1,"href":"https:\/\/atitudenoticias.com.br\/index.php?rest_route=\/wp\/v2\/posts\/15096\/revisions"}],"predecessor-version":[{"id":15098,"href":"https:\/\/atitudenoticias.com.br\/index.php?rest_route=\/wp\/v2\/posts\/15096\/revisions\/15098"}],"wp:featuredmedia":[{"embeddable":true,"href":"https:\/\/atitudenoticias.com.br\/index.php?rest_route=\/wp\/v2\/media\/15097"}],"wp:attachment":[{"href":"https:\/\/atitudenoticias.com.br\/index.php?rest_route=%2Fwp%2Fv2%2Fmedia&parent=15096"}],"wp:term":[{"taxonomy":"category","embeddable":true,"href":"https:\/\/atitudenoticias.com.br\/index.php?rest_route=%2Fwp%2Fv2%2Fcategories&post=15096"},{"taxonomy":"post_tag","embeddable":true,"href":"https:\/\/atitudenoticias.com.br\/index.php?rest_route=%2Fwp%2Fv2%2Ftags&post=15096"}],"curies":[{"name":"wp","href":"https:\/\/api.w.org\/{rel}","templated":true}]}}