{"id":15394,"date":"2024-05-07T01:44:35","date_gmt":"2024-05-07T04:44:35","guid":{"rendered":"http:\/\/atitudenoticias.com.br\/?p=15394"},"modified":"2024-05-08T23:08:01","modified_gmt":"2024-05-09T02:08:01","slug":"rio-vai-ter-tres-dias-de-desfiles-das-escolas-de-samba-a-partir-do-proximo-carnaval","status":"publish","type":"post","link":"https:\/\/atitudenoticias.com.br\/?p=15394","title":{"rendered":"Rio vai ter tr\u00eas dias de desfiles das escolas de samba a partir do pr\u00f3ximo carnaval"},"content":{"rendered":"\n<p><em><strong>A Liesa anunciou que pretende reduzir o pre\u00e7o do ingresso para as arquibancadas<\/strong><\/em><\/p>\n\n\n\n<p>A partir do pr\u00f3ximo ano, os desfiles das principais escolas de samba do Rio de Janeiro v\u00e3o se estender por tr\u00eas noites: domingo, segunda e ter\u00e7a-feira. At\u00e9 este ano eram duas noites (domingo e segunda-feira), com seis escolas em cada uma. Agora ser\u00e3o quatro escolas por noite. A decis\u00e3o foi anunciada pela Liga Independente das Escolas de Samba (Liesa), que organiza os desfiles, ap\u00f3s reuni\u00e3o em que a proposta foi aprovada pelos representantes das escolas, na tarde desta segunda-feira.<\/p>\n\n\n\n<p>A Liesa anunciou que pretende reduzir o pre\u00e7o do ingresso para as arquibancadas: &#8220;Dentro dessa iniciativa, queremos viabilizar uma redu\u00e7\u00e3o no pre\u00e7o das arquibancadas, com o objetivo de tornar os ingressos ainda mais acess\u00edveis. Tamb\u00e9m vamos proporcionar que mais pessoas estejam no Samb\u00f3dromo em dias diferentes&#8221;, disse Gabriel David, rec\u00e9m-empossado presidente da Liesa.<\/p>\n\n\n\n<p>Na configura\u00e7\u00e3o de dois dias, o desfile come\u00e7ava \u00e0s 22h e terminava por volta das 5h30 &#8211; eram seis escolas e cada uma tem 70 minutos de desfile, mas sempre h\u00e1 alguns minutos de demora entre o final de uma e o in\u00edcio de outra. \u00c9 comum que parte do p\u00fablico chegue ap\u00f3s os primeiros desfiles ou v\u00e1 embora antes dos \u00faltimos, para ver especificamente sua escola predileta.<\/p>\n\n\n\n<p>Com quatro escolas por noite, segundo a reportagem apurou, o plano \u00e9 come\u00e7ar \u00e0s 23h e terminar por volta das 4h. Pode ser que o tempo de desfile por escola seja ampliado &#8211; o regulamento ainda est\u00e1 em discuss\u00e3o e deve ser conclu\u00eddo at\u00e9 o pr\u00f3ximo dia 23, quando haver\u00e1 o sorteio da ordem das apresenta\u00e7\u00f5es.<\/p>\n\n\n\n<p>Outro plano da Liesa \u00e9 oferecer outro tipo de atra\u00e7\u00e3o ap\u00f3s o desfile &#8211; oficialmente, a entidade afirmou que &#8220;o espet\u00e1culo ganhar\u00e1 ainda mais atrativos, com novidades que garantam a presen\u00e7a do p\u00fablico na Sapuca\u00ed ap\u00f3s o encerramento de cada dia, at\u00e9 o amanhecer&#8221;.<\/p>\n\n\n\n<p>At\u00e9 este ano, na ter\u00e7a-feira o samb\u00f3dromo era ocupado pelo desfile das escolas mirins, que agora v\u00e3o passar para um novo dia da semana, ainda n\u00e3o definido. A data ser\u00e1 escolhida em comum acordo com a Associa\u00e7\u00e3o das Escolas Mirins do Rio (Aesm-Rio), que organiza o desfile, e com o poder p\u00fablico.<\/p>\n\n\n\n<p>O Desfile das Campe\u00e3s est\u00e1 mantido para o s\u00e1bado seguinte, com as seis primeiras colocadas festejando o resultado.<\/p>\n\n\n\n<p><strong>Ordem de desfile<\/strong><\/p>\n\n\n\n<p><strong>Domingo, 2 de mar\u00e7o:<\/strong>\u00a0Em 2025, a Unidos de Padre Miguel, atual campe\u00e3 da S\u00e9rie Ouro (a segunda divis\u00e3o das escolas de samba), vai ser a primeira a desfilar no domingo, 2 de mar\u00e7o.<\/p>\n\n\n\n<p><strong>Segunda-feira, 3 de mar\u00e7o:<\/strong>&nbsp;Unidos da Tijuca, 11\u00aa colocada do Grupo Especial neste ano (a pior colocada entre as n\u00e3o rebaixadas), vai abrir o desfile de segunda-feira, 3 de mar\u00e7o.<\/p>\n\n\n\n<p><strong>Ter\u00e7a-feira, 4 de mar\u00e7o:<\/strong>&nbsp;A Mocidade, 10\u00aa colocada em 2024, ser\u00e1 a primeira a desfilar na ter\u00e7a, dia 4.<\/p>\n\n\n\n<p>A ordem de desfile das demais ser\u00e1 definida em sorteio no pr\u00f3ximo dia 23, na Cidade do Samba (pela primeira vez esse sorteio ser\u00e1 aberto ao p\u00fablico). A combina\u00e7\u00e3o ser\u00e1 formada a partir de tr\u00eas grupos de tr\u00eas escolas (cada escola de um mesmo grupo desfila em um dia): Mangueira, Portela e Beija-Flor; Grande Rio, Viradouro e Salgueiro; Para\u00edso do Tuiuti, Vila Isabel e Imperatriz Leopoldinense.<\/p>\n\n\n\n<p><strong><em>(Ag\u00eancia Estado)<\/em><\/strong><\/p>\n","protected":false},"excerpt":{"rendered":"<p>A Liesa anunciou que pretende reduzir o pre\u00e7o do ingresso para as arquibancadas A partir&hellip;<\/p>\n","protected":false},"author":2,"featured_media":15395,"comment_status":"open","ping_status":"open","sticky":false,"template":"","format":"standard","meta":{"footnotes":""},"categories":[20,67],"tags":[],"class_list":["post-15394","post","type-post","status-publish","format-standard","has-post-thumbnail","hentry","category-brasil","category-carnaval"],"_links":{"self":[{"href":"https:\/\/atitudenoticias.com.br\/index.php?rest_route=\/wp\/v2\/posts\/15394","targetHints":{"allow":["GET"]}}],"collection":[{"href":"https:\/\/atitudenoticias.com.br\/index.php?rest_route=\/wp\/v2\/posts"}],"about":[{"href":"https:\/\/atitudenoticias.com.br\/index.php?rest_route=\/wp\/v2\/types\/post"}],"author":[{"embeddable":true,"href":"https:\/\/atitudenoticias.com.br\/index.php?rest_route=\/wp\/v2\/users\/2"}],"replies":[{"embeddable":true,"href":"https:\/\/atitudenoticias.com.br\/index.php?rest_route=%2Fwp%2Fv2%2Fcomments&post=15394"}],"version-history":[{"count":1,"href":"https:\/\/atitudenoticias.com.br\/index.php?rest_route=\/wp\/v2\/posts\/15394\/revisions"}],"predecessor-version":[{"id":15396,"href":"https:\/\/atitudenoticias.com.br\/index.php?rest_route=\/wp\/v2\/posts\/15394\/revisions\/15396"}],"wp:featuredmedia":[{"embeddable":true,"href":"https:\/\/atitudenoticias.com.br\/index.php?rest_route=\/wp\/v2\/media\/15395"}],"wp:attachment":[{"href":"https:\/\/atitudenoticias.com.br\/index.php?rest_route=%2Fwp%2Fv2%2Fmedia&parent=15394"}],"wp:term":[{"taxonomy":"category","embeddable":true,"href":"https:\/\/atitudenoticias.com.br\/index.php?rest_route=%2Fwp%2Fv2%2Fcategories&post=15394"},{"taxonomy":"post_tag","embeddable":true,"href":"https:\/\/atitudenoticias.com.br\/index.php?rest_route=%2Fwp%2Fv2%2Ftags&post=15394"}],"curies":[{"name":"wp","href":"https:\/\/api.w.org\/{rel}","templated":true}]}}