{"id":15442,"date":"2024-05-09T02:14:38","date_gmt":"2024-05-09T05:14:38","guid":{"rendered":"http:\/\/atitudenoticias.com.br\/?p=15442"},"modified":"2024-05-09T10:16:03","modified_gmt":"2024-05-09T13:16:03","slug":"motumba-lanca-single-em-homenagem-as-maes","status":"publish","type":"post","link":"https:\/\/atitudenoticias.com.br\/?p=15442","title":{"rendered":"Motumb\u00e1 lan\u00e7a single em homenagem \u00e0s m\u00e3es"},"content":{"rendered":"\n<p class=\"wp-block-paragraph\"><strong><em>&#8220;M\u00e3o de M\u00e3e&#8221; est\u00e1 dispon\u00edvel nas plataformas digitais da banda<\/em><\/strong><\/p>\n\n\n\n<p class=\"wp-block-paragraph\">O cantor e compositor baiano Alexandre Guedes presenteia \u00e0s m\u00e3es com uma m\u00fasica in\u00e9dita, de sua autoria, que foi lan\u00e7ada neste m\u00eas de maio, m\u00eas nacionalmente conhecido por saudar a figura materna. Intitulada &#8220;M\u00e3o de M\u00e3e&#8221;, o novo single da Motumb\u00e1, est\u00e1 dispon\u00edvel nas plataformas digitais desde o dia 06.<\/p>\n\n\n\n<p class=\"wp-block-paragraph\">Para esta can\u00e7\u00e3o, o autor exp\u00f4s de forma crua e delicada seus sentimentos e observ\u00e2ncias sobre a maternidade. Inspirado pelas mulheres que o rodeiam, em especial a sua m\u00e3e, D.\u00aa Lizonete Guedes, que faleceu em fevereiro deste ano. A rela\u00e7\u00e3o de afetuosidade e cuidado que mantinha com ela, encorajou, ent\u00e3o, Alexandre a reacessar esse espa\u00e7o &#8211; para ele sagrado &#8211; de ser filho e exaltar os gestos e predicados maternos.<\/p>\n\n\n\n<p class=\"wp-block-paragraph\">&#8220;H\u00e1 dois anos, no dia das m\u00e3es, vieram \u00e0 mente alguns trechos de m\u00fasica em homenagem \u00e0 data, em especial a minha m\u00e3e e minha av\u00f3. No ano seguinte dei continuidade a poesia, e, neste momento que venho atravessando, senti a necessidade de concluir a melodia e grav\u00e1-la. A letra \u00e9 materna e singela e faz com que a gente se sinta acolhido e volte para o nosso ponto de partida. Por fim, \u00e9 uma can\u00e7\u00e3o que surgiu de um momento particular e diferente e d\u00e1 sequ\u00eancia ao que a Motumb\u00e1 traduz: do sagrado ao profano, mas sempre com amor&#8221;, disse Guedes.<\/p>\n\n\n\n<p class=\"wp-block-paragraph\">&#8220;M\u00e3o de M\u00e3e&#8221; \u00e9 o primeiro single de 2024 da banda Motumb\u00e1 e est\u00e1 dispon\u00edvel nas principais plataformas de streaming musical e nas redes da banda: @motumbaoficial no Instagram e \/BandaMotumbaOficial no YouTube.<\/p>\n\n\n\n<figure class=\"wp-block-embed is-type-video is-provider-youtube wp-block-embed-youtube wp-embed-aspect-16-9 wp-has-aspect-ratio\"><div class=\"wp-block-embed__wrapper\">\n<iframe title=\"Motumb\u00e1 - M\u00e3o de M\u00e3e (Lyric Video)\" width=\"1170\" height=\"658\" src=\"https:\/\/www.youtube.com\/embed\/g6upFnsDFr0?feature=oembed\" frameborder=\"0\" allow=\"accelerometer; autoplay; clipboard-write; encrypted-media; gyroscope; picture-in-picture; web-share\" referrerpolicy=\"strict-origin-when-cross-origin\" allowfullscreen><\/iframe>\n<\/div><\/figure>\n\n\n\n<p class=\"wp-block-paragraph\">Ficha T\u00e9cnica &#8211; M\u00e3o de M\u00e3e<\/p>\n\n\n\n<p class=\"wp-block-paragraph\">T\u00edtulo: M\u00e3o de M\u00e3e<br>Artista: Banda Motumb\u00e1<br>Compositor: Alexandre Guedes<\/p>\n\n\n\n<p class=\"wp-block-paragraph\">Voz, Percuss\u00e3o e Efeitos: Alexandre Guedes<br>Backing Vocals: Danilo Souza, Mariana Silva e Tuka Ramos<br>Baixol\u00e3o: Ronaldo Borges<br>Viol\u00f5es (Nylon, A\u00e7o e 12 Cordas): Jaguar Andrade<br>Piano El\u00e9trico: Andr\u00e9 T<br>Flugelhorn: Cravo<br>Violoncelo: Andr\u00e9 Miranda<br>Produ\u00e7\u00e3o Musical: Tau\u00e3 Guedes e Alexandre Guedes<br>Dire\u00e7\u00e3o Musical: Alexandre Guedes, Tau\u00e3 Guedes e Andr\u00e9 T | Gravado, mixado e masterizado por Andr\u00e9 T no Est\u00fadio T<br>Produ\u00e7\u00e3o Executiva: Jaguar Arag\u00e3o<br>Assessoria de Imprensa: Ricardo Henrique (Canal In)<br>Dire\u00e7\u00e3o Gr\u00e1fica: Tau\u00e3 Guedes e Alexandre Guedes<\/p>\n\n\n\n<p class=\"wp-block-paragraph\">Foto: Uanderson Brittes<br>2024 Gira Mundo Com Voc\u00ea Produ\u00e7\u00f5es \u00a9\ufe0f<\/p>\n","protected":false},"excerpt":{"rendered":"<p>&#8220;M\u00e3o de M\u00e3e&#8221; est\u00e1 dispon\u00edvel nas plataformas digitais da banda O cantor e compositor baiano&hellip;<\/p>\n","protected":false},"author":2,"featured_media":15446,"comment_status":"open","ping_status":"open","sticky":false,"template":"","format":"standard","meta":{"footnotes":""},"categories":[35],"tags":[],"class_list":["post-15442","post","type-post","status-publish","format-standard","has-post-thumbnail","hentry","category-musica"],"_links":{"self":[{"href":"https:\/\/atitudenoticias.com.br\/index.php?rest_route=\/wp\/v2\/posts\/15442","targetHints":{"allow":["GET"]}}],"collection":[{"href":"https:\/\/atitudenoticias.com.br\/index.php?rest_route=\/wp\/v2\/posts"}],"about":[{"href":"https:\/\/atitudenoticias.com.br\/index.php?rest_route=\/wp\/v2\/types\/post"}],"author":[{"embeddable":true,"href":"https:\/\/atitudenoticias.com.br\/index.php?rest_route=\/wp\/v2\/users\/2"}],"replies":[{"embeddable":true,"href":"https:\/\/atitudenoticias.com.br\/index.php?rest_route=%2Fwp%2Fv2%2Fcomments&post=15442"}],"version-history":[{"count":3,"href":"https:\/\/atitudenoticias.com.br\/index.php?rest_route=\/wp\/v2\/posts\/15442\/revisions"}],"predecessor-version":[{"id":15452,"href":"https:\/\/atitudenoticias.com.br\/index.php?rest_route=\/wp\/v2\/posts\/15442\/revisions\/15452"}],"wp:featuredmedia":[{"embeddable":true,"href":"https:\/\/atitudenoticias.com.br\/index.php?rest_route=\/wp\/v2\/media\/15446"}],"wp:attachment":[{"href":"https:\/\/atitudenoticias.com.br\/index.php?rest_route=%2Fwp%2Fv2%2Fmedia&parent=15442"}],"wp:term":[{"taxonomy":"category","embeddable":true,"href":"https:\/\/atitudenoticias.com.br\/index.php?rest_route=%2Fwp%2Fv2%2Fcategories&post=15442"},{"taxonomy":"post_tag","embeddable":true,"href":"https:\/\/atitudenoticias.com.br\/index.php?rest_route=%2Fwp%2Fv2%2Ftags&post=15442"}],"curies":[{"name":"wp","href":"https:\/\/api.w.org\/{rel}","templated":true}]}}