{"id":15458,"date":"2024-05-09T18:12:38","date_gmt":"2024-05-09T21:12:38","guid":{"rendered":"http:\/\/atitudenoticias.com.br\/?p=15458"},"modified":"2024-05-09T18:12:39","modified_gmt":"2024-05-09T21:12:39","slug":"anvisa-pede-recolhimento-de-lotes-do-detergente-ype-por-risco-de-contaminacao","status":"publish","type":"post","link":"https:\/\/atitudenoticias.com.br\/?p=15458","title":{"rendered":"Anvisa pede recolhimento de lotes do detergente Yp\u00ea por risco de contamina\u00e7\u00e3o"},"content":{"rendered":"\n<p><strong><em>Decis\u00e3o do \u00f3rg\u00e3o foi publicada no Di\u00e1rio Oficial da Uni\u00e3o; empresa garante que produtos espec\u00edficos n\u00e3o oferecem risco \u00e0 sa\u00fade ou a seguran\u00e7a do consumidor<\/em><\/strong><\/p>\n\n\n\n<p>A Ag\u00eancia Nacional de Vigil\u00e2ncia Sanit\u00e1ria (Anvisa) suspendeu a comercializa\u00e7\u00e3o, distribui\u00e7\u00e3o e uso de determinados lotes do detergente da marca Yp\u00ea, ap\u00f3s constatado risco de contamina\u00e7\u00e3o. A decis\u00e3o, publicada no Di\u00e1rio Oficial da Uni\u00e3o, est\u00e1 em vigor desde ter\u00e7a-feira (7) e determina o recolhimento de vers\u00f5es espec\u00edficas do produto.<\/p>\n\n\n\n<p>Segundo o \u00f3rg\u00e3o, foi identificado um potencial risco de contamina\u00e7\u00e3o microbiol\u00f3gica ap\u00f3s o resultado de an\u00e1lises de monitoramento na produ\u00e7\u00e3o constatarem um desvio fora do padr\u00e3o. Como a\u00e7\u00e3o de fiscaliza\u00e7\u00e3o, a Anvisa estabeleceu o recolhimento do produto.<\/p>\n\n\n\n<p>A decis\u00e3o da Anvisa tamb\u00e9m estabelece a suspens\u00e3o de todas as unidades fabricadas nos meses de julho, agosto, setembro, novembro e dezembro do ano de 2022, com final de lote identificado por 1 ou 3.<\/p>\n\n\n\n<p><strong>O que diz a empresa<\/strong><\/p>\n\n\n\n<p>Em nota, a Yp\u00ea, empresa brasileira de produtos de higiene e limpeza que pertence \u00e0 Qu\u00edmica Amparo, produtora do detergente, informou que os lotes dos produtos apontados pela publica\u00e7\u00e3o da Anvisa, j\u00e1 haviam sido detectados pelo controle de qualidade da pr\u00f3pria empresa.<\/p>\n\n\n\n<p>A fabricadora afirma que iniciou o recolhimento volunt\u00e1rio dos itens h\u00e1 mais de um m\u00eas e comunicou \u00e0 ag\u00eancia reguladora, em conformidade com as diretrizes do pr\u00f3prio \u00f3rg\u00e3o.<\/p>\n\n\n\n<p>Segundo eles, ap\u00f3s uma rigorosa an\u00e1lise interna, foi identificado, em alguns lotes espec\u00edficos, a possibilidade de altera\u00e7\u00e3o no odor tradicional do produto, sem risco \u00e0 sa\u00fade ou seguran\u00e7a do consumidor, por\u00e9m, em alguns casos percept\u00edvel ao olfato.<\/p>\n\n\n\n<p>Ainda em nota, a empresa ressaltou que a comercializa\u00e7\u00e3o do produto n\u00e3o foi proibida, havendo apenas a necessidade do recolhimento dos lotes espec\u00edficos detectados:<\/p>\n\n\n\n<p>\u201cImportante destacar que n\u00e3o h\u00e1 proibi\u00e7\u00e3o de comercializa\u00e7\u00e3o do produto e sim o bloqueio e recolhimento exclusivamente dos lotes espec\u00edficos indicados na a\u00e7\u00e3o volunt\u00e1ria proposta pela pr\u00f3pria empresa\u201d, informou a Qu\u00edmica Amparo.<\/p>\n\n\n\n<p>A empresa refor\u00e7ou, ainda em nota, que a seguran\u00e7a, a qualidade de seus produtos e a aten\u00e7\u00e3o aos clientes e consumidores s\u00e3o prioridades desde sua funda\u00e7\u00e3o.<\/p>\n\n\n\n<p><strong><em>(CNN Brasil)<\/em><\/strong><\/p>\n","protected":false},"excerpt":{"rendered":"<p>Decis\u00e3o do \u00f3rg\u00e3o foi publicada no Di\u00e1rio Oficial da Uni\u00e3o; empresa garante que produtos espec\u00edficos&hellip;<\/p>\n","protected":false},"author":2,"featured_media":15459,"comment_status":"open","ping_status":"open","sticky":false,"template":"","format":"standard","meta":{"footnotes":""},"categories":[20],"tags":[],"class_list":["post-15458","post","type-post","status-publish","format-standard","has-post-thumbnail","hentry","category-brasil"],"_links":{"self":[{"href":"https:\/\/atitudenoticias.com.br\/index.php?rest_route=\/wp\/v2\/posts\/15458","targetHints":{"allow":["GET"]}}],"collection":[{"href":"https:\/\/atitudenoticias.com.br\/index.php?rest_route=\/wp\/v2\/posts"}],"about":[{"href":"https:\/\/atitudenoticias.com.br\/index.php?rest_route=\/wp\/v2\/types\/post"}],"author":[{"embeddable":true,"href":"https:\/\/atitudenoticias.com.br\/index.php?rest_route=\/wp\/v2\/users\/2"}],"replies":[{"embeddable":true,"href":"https:\/\/atitudenoticias.com.br\/index.php?rest_route=%2Fwp%2Fv2%2Fcomments&post=15458"}],"version-history":[{"count":1,"href":"https:\/\/atitudenoticias.com.br\/index.php?rest_route=\/wp\/v2\/posts\/15458\/revisions"}],"predecessor-version":[{"id":15460,"href":"https:\/\/atitudenoticias.com.br\/index.php?rest_route=\/wp\/v2\/posts\/15458\/revisions\/15460"}],"wp:featuredmedia":[{"embeddable":true,"href":"https:\/\/atitudenoticias.com.br\/index.php?rest_route=\/wp\/v2\/media\/15459"}],"wp:attachment":[{"href":"https:\/\/atitudenoticias.com.br\/index.php?rest_route=%2Fwp%2Fv2%2Fmedia&parent=15458"}],"wp:term":[{"taxonomy":"category","embeddable":true,"href":"https:\/\/atitudenoticias.com.br\/index.php?rest_route=%2Fwp%2Fv2%2Fcategories&post=15458"},{"taxonomy":"post_tag","embeddable":true,"href":"https:\/\/atitudenoticias.com.br\/index.php?rest_route=%2Fwp%2Fv2%2Ftags&post=15458"}],"curies":[{"name":"wp","href":"https:\/\/api.w.org\/{rel}","templated":true}]}}