{"id":15461,"date":"2024-05-09T18:28:13","date_gmt":"2024-05-09T21:28:13","guid":{"rendered":"http:\/\/atitudenoticias.com.br\/?p=15461"},"modified":"2024-05-09T18:28:39","modified_gmt":"2024-05-09T21:28:39","slug":"stf-mantem-proibicao-de-politicos-em-diretorias-de-estatais","status":"publish","type":"post","link":"https:\/\/atitudenoticias.com.br\/?p=15461","title":{"rendered":"STF mant\u00e9m proibi\u00e7\u00e3o de pol\u00edticos em diretorias de estatais"},"content":{"rendered":"\n<p><strong><em>Indica\u00e7\u00f5es estavam suspensas por liminar do ex-ministro Lewandowski<\/em><\/strong><\/p>\n\n\n\n<p>O Supremo Tribunal Federal (STF) validou, nesta quinta-feira (9), trecho da Lei das Estatais, que pro\u00edbe indica\u00e7\u00f5es de pol\u00edticos para a diretoria de empresas p\u00fablicas.<\/p>\n\n\n\n<p>Com a decis\u00e3o, as indica\u00e7\u00f5es de pol\u00edticos para estatais est\u00e3o vetadas. Contudo, pol\u00edticos que assumiram cargos nas empresas p\u00fablicas durante a vig\u00eancia de liminar proferida em mar\u00e7o do ano passado pelo ent\u00e3o ministro do STF Ricardo Lewandowski, que flexibilizou a norma, poder\u00e3o permanecer nos cargos.<\/p>\n\n\n\n<p>Por 8 votos a 3, a Corte decidiu derrubar a liminar de Lewandowski. Na sess\u00e3o de quarta-feira (8), os ministros j\u00e1 tinham encaminhado cinco votos favor\u00e1veis pela valida\u00e7\u00e3o da lei. Na sess\u00e3o da tarde desta quinta-feira, o plen\u00e1rio concluiu o julgamento.<\/p>\n\n\n\n<p>Antes de se aposentar e deixar a Corte, Lewandowski atendeu ao pedido liminar do PCdoB e suspendeu o trecho da norma que impedia ministros de Estado e secret\u00e1rios estaduais e municipais de atuarem nas diretorias e nos conselhos de administra\u00e7\u00e3o de estatais.<\/p>\n\n\n\n<p>A liminar, no entanto, manteve a proibi\u00e7\u00e3o de indica\u00e7\u00e3o de pessoas que ainda participam da estrutura decis\u00f3ria de partidos ou que t\u00eam trabalho vinculado \u00e0s legendas e \u00e0s campanhas pol\u00edticas. O per\u00edodo de 36 meses de quarentena para ingresso nas empresas p\u00fablicas tamb\u00e9m foi suspenso pelo ex-ministro.<\/p>\n\n\n\n<p>Diante da decis\u00e3o do plen\u00e1rio, todas as restri\u00e7\u00f5es suspensas pela liminar de Lewandowski voltam a valer.&nbsp;<\/p>\n\n\n\n<p>No entanto, pelo entendimento da maioria dos ministros do STF, as indica\u00e7\u00f5es feitas durante a liminar do ministro n\u00e3o podem ser consideradas ilegais por estarem amparadas na decis\u00e3o.\u00a0<\/p>\n\n\n\n<p><strong><em>(Ag\u00eancia Brasil &#8211; Marcello Casal Jr.)<\/em><\/strong><\/p>\n","protected":false},"excerpt":{"rendered":"<p>Indica\u00e7\u00f5es estavam suspensas por liminar do ex-ministro Lewandowski O Supremo Tribunal Federal (STF) validou, nesta&hellip;<\/p>\n","protected":false},"author":2,"featured_media":15462,"comment_status":"open","ping_status":"open","sticky":false,"template":"","format":"standard","meta":{"footnotes":""},"categories":[62,30],"tags":[],"class_list":["post-15461","post","type-post","status-publish","format-standard","has-post-thumbnail","hentry","category-justica","category-politica"],"_links":{"self":[{"href":"https:\/\/atitudenoticias.com.br\/index.php?rest_route=\/wp\/v2\/posts\/15461","targetHints":{"allow":["GET"]}}],"collection":[{"href":"https:\/\/atitudenoticias.com.br\/index.php?rest_route=\/wp\/v2\/posts"}],"about":[{"href":"https:\/\/atitudenoticias.com.br\/index.php?rest_route=\/wp\/v2\/types\/post"}],"author":[{"embeddable":true,"href":"https:\/\/atitudenoticias.com.br\/index.php?rest_route=\/wp\/v2\/users\/2"}],"replies":[{"embeddable":true,"href":"https:\/\/atitudenoticias.com.br\/index.php?rest_route=%2Fwp%2Fv2%2Fcomments&post=15461"}],"version-history":[{"count":2,"href":"https:\/\/atitudenoticias.com.br\/index.php?rest_route=\/wp\/v2\/posts\/15461\/revisions"}],"predecessor-version":[{"id":15464,"href":"https:\/\/atitudenoticias.com.br\/index.php?rest_route=\/wp\/v2\/posts\/15461\/revisions\/15464"}],"wp:featuredmedia":[{"embeddable":true,"href":"https:\/\/atitudenoticias.com.br\/index.php?rest_route=\/wp\/v2\/media\/15462"}],"wp:attachment":[{"href":"https:\/\/atitudenoticias.com.br\/index.php?rest_route=%2Fwp%2Fv2%2Fmedia&parent=15461"}],"wp:term":[{"taxonomy":"category","embeddable":true,"href":"https:\/\/atitudenoticias.com.br\/index.php?rest_route=%2Fwp%2Fv2%2Fcategories&post=15461"},{"taxonomy":"post_tag","embeddable":true,"href":"https:\/\/atitudenoticias.com.br\/index.php?rest_route=%2Fwp%2Fv2%2Ftags&post=15461"}],"curies":[{"name":"wp","href":"https:\/\/api.w.org\/{rel}","templated":true}]}}