{"id":1568,"date":"2022-06-06T01:54:06","date_gmt":"2022-06-06T01:54:06","guid":{"rendered":"http:\/\/atitudenoticias.com.br\/?p=1568"},"modified":"2022-06-06T01:54:07","modified_gmt":"2022-06-06T01:54:07","slug":"quase-50-ajustaram-orcamento-para-nao-perder-plano-de-saude","status":"publish","type":"post","link":"https:\/\/atitudenoticias.com.br\/?p=1568","title":{"rendered":"Quase 50% ajustaram or\u00e7amento para n\u00e3o perder plano de sa\u00fade"},"content":{"rendered":"\n<p class=\"wp-block-paragraph\">Pesquisa da Associa\u00e7\u00e3o Nacional das Administradoras de Benef\u00edcios (Anab) mostra que 47% dos entrevistados tiveram que ajustar o or\u00e7amento em 2021 para n\u00e3o perder o plano de sa\u00fade. O levantamento, que ouviu mais de mil pessoas em todo o pa\u00eds, revela ainda que 83% das pessoas t\u00eam medo de perder o plano.&nbsp;<\/p>\n\n\n\n<p class=\"wp-block-paragraph\">A pesquisa foi feita no \u00faltimo m\u00eas&nbsp;de abril&nbsp;com 1.012 pessoas, de 16 anos ou mais, respons\u00e1veis pelas principais decis\u00f5es do domic\u00edlio. As entrevistas foram realizadas por telefone.<\/p>\n\n\n\n<p class=\"wp-block-paragraph\">\u201cO medo de perder o acesso [ao plano de sa\u00fade] pode ser motivado pelo aumento das taxas de desemprego ao longo da pandemia de covid-19\u201d, destacou o presidente da Anab e idealizador do estudo, Alessandro Acayaba de Toledo.<\/p>\n\n\n\n<p class=\"wp-block-paragraph\">De acordo com ele, a portabilidade \u00e9 uma das sa\u00eddas para quem precisa reduzir o custo com o plano de sa\u00fade, mas sem perd\u00ea-lo. \u201c\u00c9 direito do benefici\u00e1rio. O interesse pela portabilidade aumentou 12,5% de acordo com a ANS [Ag\u00eancia Nacional de Sa\u00fade]. Em alguns casos, foi poss\u00edvel reduzir em 40% os custos com a sa\u00fade\u201d, ressaltou Toledo.<\/p>\n\n\n\n<p class=\"wp-block-paragraph\">Segundo&nbsp;o levantamento, entre os que n\u00e3o t\u00eam plano de sa\u00fade, 83% consideraram que ele \u00e9 necess\u00e1rio. Dos entrevistados que s\u00e3o usu\u00e1rios exclusivos do Sistema \u00danico de Sa\u00fade (SUS), 68% precisaram de algum tipo de atendimento m\u00e9dico em 2021, mas relataram dificuldade no acesso.<\/p>\n\n\n\n<p class=\"wp-block-paragraph\">Para 88% das pessoas ouvidas, a necessidade de assist\u00eancia m\u00e9dica permaneceu a mesma ou aumentou durante a pandemia. A pesquisa mostrou ainda que um em cada quatro pessoas disse que precisou buscar mais ajuda m\u00e9dica ap\u00f3s o in\u00edcio da pandemia de covid-19. (<strong>Ag\u00eancia Brasil<\/strong>)<\/p>\n","protected":false},"excerpt":{"rendered":"<p>Pesquisa da Associa\u00e7\u00e3o Nacional das Administradoras de Benef\u00edcios (Anab) mostra que 47% dos entrevistados tiveram&hellip;<\/p>\n","protected":false},"author":2,"featured_media":1569,"comment_status":"open","ping_status":"open","sticky":false,"template":"","format":"standard","meta":{"footnotes":""},"categories":[56],"tags":[],"class_list":["post-1568","post","type-post","status-publish","format-standard","has-post-thumbnail","hentry","category-economia"],"_links":{"self":[{"href":"https:\/\/atitudenoticias.com.br\/index.php?rest_route=\/wp\/v2\/posts\/1568","targetHints":{"allow":["GET"]}}],"collection":[{"href":"https:\/\/atitudenoticias.com.br\/index.php?rest_route=\/wp\/v2\/posts"}],"about":[{"href":"https:\/\/atitudenoticias.com.br\/index.php?rest_route=\/wp\/v2\/types\/post"}],"author":[{"embeddable":true,"href":"https:\/\/atitudenoticias.com.br\/index.php?rest_route=\/wp\/v2\/users\/2"}],"replies":[{"embeddable":true,"href":"https:\/\/atitudenoticias.com.br\/index.php?rest_route=%2Fwp%2Fv2%2Fcomments&post=1568"}],"version-history":[{"count":1,"href":"https:\/\/atitudenoticias.com.br\/index.php?rest_route=\/wp\/v2\/posts\/1568\/revisions"}],"predecessor-version":[{"id":1570,"href":"https:\/\/atitudenoticias.com.br\/index.php?rest_route=\/wp\/v2\/posts\/1568\/revisions\/1570"}],"wp:featuredmedia":[{"embeddable":true,"href":"https:\/\/atitudenoticias.com.br\/index.php?rest_route=\/wp\/v2\/media\/1569"}],"wp:attachment":[{"href":"https:\/\/atitudenoticias.com.br\/index.php?rest_route=%2Fwp%2Fv2%2Fmedia&parent=1568"}],"wp:term":[{"taxonomy":"category","embeddable":true,"href":"https:\/\/atitudenoticias.com.br\/index.php?rest_route=%2Fwp%2Fv2%2Fcategories&post=1568"},{"taxonomy":"post_tag","embeddable":true,"href":"https:\/\/atitudenoticias.com.br\/index.php?rest_route=%2Fwp%2Fv2%2Ftags&post=1568"}],"curies":[{"name":"wp","href":"https:\/\/api.w.org\/{rel}","templated":true}]}}