{"id":15902,"date":"2024-06-07T13:26:55","date_gmt":"2024-06-07T16:26:55","guid":{"rendered":"http:\/\/atitudenoticias.com.br\/?p=15902"},"modified":"2024-06-07T13:28:09","modified_gmt":"2024-06-07T16:28:09","slug":"pe-de-meia-deve-evitar-evasao-de-quase-500-mil-alunos-do-ensino-medio-diz-abmes","status":"publish","type":"post","link":"https:\/\/atitudenoticias.com.br\/?p=15902","title":{"rendered":"P\u00e9-de-Meia deve evitar evas\u00e3o de quase 500 mil alunos do ensino m\u00e9dio, diz Abmes"},"content":{"rendered":"\n<p><em><strong>Ao todo, programa criado pelo governo federal concede R$ 9,2 mil, ao longo de todo o \u00faltimo per\u00edodo de forma\u00e7\u00e3o do ensino b\u00e1sico, a estudantes que fazem parte do Bolsa Fam\u00edlia<\/strong><\/em><\/p>\n\n\n\n<p>Lan\u00e7ado neste ano pelo Minist\u00e9rio da Educa\u00e7\u00e3o (MEC), o programa P\u00e9-de-Meia&nbsp;quer diminuir a evas\u00e3o de estudantes do ensino m\u00e9dio e aumentar o ingresso destes alunos no ensino superior. De acordo com um c\u00e1lculo realizado pela Associa\u00e7\u00e3o Brasileira de Mantenedoras do Ensino Superior (Abmes),&nbsp;o incentivo deve ocasionar a manuten\u00e7\u00e3o de 488 mil estudantes nos tr\u00eas \u00faltimos anos de forma\u00e7\u00e3o escolar.<\/p>\n\n\n\n<p>O programa \u00e9 direcionado para estudantes da rede p\u00fablica de ensino, entre 14 e 24 anos, inscritos no Bolsa Fam\u00edlia. Concede R$ 200 por m\u00eas aos alunos que se encaixam nesta categoria, durante os tr\u00eas anos do ensino m\u00e9dio. Al\u00e9m disso, \u00e9 acrescido o valor de R$ 1 mil por ano e mais R$ 200 pela realiza\u00e7\u00e3o do Exame Nacional do Ensino M\u00e9dio (Enem).<\/p>\n\n\n\n<p>No total, o P\u00e9-de-Meia concede R$ 9,2 mil por estudante em todo o per\u00edodo final da educa\u00e7\u00e3o b\u00e1sica. Uma estimativa realizada pelo pr\u00f3prio Minist\u00e9rio da Educa\u00e7\u00e3o aponta que em torno de 1,1 milh\u00e3o de jovens devem ser beneficiados com o programa.<\/p>\n\n\n\n<p>O levantamento realizado pela Abmes mostra que dos 488 mil alunos que seriam integrados ao ensino superior, cerca de 15% \u2014 ou 73 mil&nbsp;\u2014 ingressaram em institui\u00e7\u00f5es de ensino privado. Para o diretor-presidente da Abmes, Celso Niskier, a medida causar\u00e1 um impacto significativo para o setor, e ser\u00e1 uma oportunidade \u00fanica para estudantes ingressarem na universidade.<\/p>\n\n\n\n<p>\u201cVale refor\u00e7ar que o P\u00e9-de-Meia n\u00e3o apenas promove a inclus\u00e3o social, mas tamb\u00e9m fortalece a economia ao qualificar mais jovens para o mercado de trabalho. Estamos otimistas com o impacto positivo que o programa pode gerar nos pr\u00f3ximos anos\u201d, disse o presidente, durante a 16\u00aa edi\u00e7\u00e3o do Congresso Brasileiro de Educa\u00e7\u00e3o Superior Particular (CBESP), que ocorre at\u00e9 amanh\u00e3 (7) na cidade de Mogi das Cruzes, em S\u00e3o Paulo.<\/p>\n\n\n\n<p>A iniciativa\u00a0deve turbinar em mais de R$ 500 milh\u00f5es a receita para o setor de educa\u00e7\u00e3o particular, que representa mais de 80% das institui\u00e7\u00f5es de ensino do pa\u00eds. \u201cIsso vai aumentar o n\u00famero de matr\u00edculas no ensino superior e vai trazer mais receitas para as institui\u00e7\u00f5es, que, no fundo, \u00e9 o que \u00e9 o que serve para sustentar, para dar sustentabilidade\u201d, acrescentou. <\/p>\n\n\n\n<p><strong><em>(Correio Braziliense)<\/em><\/strong><\/p>\n","protected":false},"excerpt":{"rendered":"<p>Ao todo, programa criado pelo governo federal concede R$ 9,2 mil, ao longo de todo&hellip;<\/p>\n","protected":false},"author":2,"featured_media":12353,"comment_status":"open","ping_status":"open","sticky":false,"template":"","format":"standard","meta":{"footnotes":""},"categories":[56,72],"tags":[],"class_list":["post-15902","post","type-post","status-publish","format-standard","has-post-thumbnail","hentry","category-economia","category-educacao"],"_links":{"self":[{"href":"https:\/\/atitudenoticias.com.br\/index.php?rest_route=\/wp\/v2\/posts\/15902","targetHints":{"allow":["GET"]}}],"collection":[{"href":"https:\/\/atitudenoticias.com.br\/index.php?rest_route=\/wp\/v2\/posts"}],"about":[{"href":"https:\/\/atitudenoticias.com.br\/index.php?rest_route=\/wp\/v2\/types\/post"}],"author":[{"embeddable":true,"href":"https:\/\/atitudenoticias.com.br\/index.php?rest_route=\/wp\/v2\/users\/2"}],"replies":[{"embeddable":true,"href":"https:\/\/atitudenoticias.com.br\/index.php?rest_route=%2Fwp%2Fv2%2Fcomments&post=15902"}],"version-history":[{"count":1,"href":"https:\/\/atitudenoticias.com.br\/index.php?rest_route=\/wp\/v2\/posts\/15902\/revisions"}],"predecessor-version":[{"id":15903,"href":"https:\/\/atitudenoticias.com.br\/index.php?rest_route=\/wp\/v2\/posts\/15902\/revisions\/15903"}],"wp:featuredmedia":[{"embeddable":true,"href":"https:\/\/atitudenoticias.com.br\/index.php?rest_route=\/wp\/v2\/media\/12353"}],"wp:attachment":[{"href":"https:\/\/atitudenoticias.com.br\/index.php?rest_route=%2Fwp%2Fv2%2Fmedia&parent=15902"}],"wp:term":[{"taxonomy":"category","embeddable":true,"href":"https:\/\/atitudenoticias.com.br\/index.php?rest_route=%2Fwp%2Fv2%2Fcategories&post=15902"},{"taxonomy":"post_tag","embeddable":true,"href":"https:\/\/atitudenoticias.com.br\/index.php?rest_route=%2Fwp%2Fv2%2Ftags&post=15902"}],"curies":[{"name":"wp","href":"https:\/\/api.w.org\/{rel}","templated":true}]}}