{"id":1600,"date":"2022-06-06T20:41:57","date_gmt":"2022-06-06T20:41:57","guid":{"rendered":"http:\/\/atitudenoticias.com.br\/?p=1600"},"modified":"2022-06-06T20:41:59","modified_gmt":"2022-06-06T20:41:59","slug":"entenda-por-que-claudia-leitte-foi-obrigada-a-encerrar-show-no-sao-joao-de-caruaru","status":"publish","type":"post","link":"https:\/\/atitudenoticias.com.br\/?p=1600","title":{"rendered":"Entenda por que Claudia Leitte foi obrigada a encerrar show no S\u00e3o Jo\u00e3o de Caruaru"},"content":{"rendered":"\n<p>A cantora Claudia Leitte<a rel=\"noreferrer noopener\" href=\"https:\/\/www.correio24horas.com.br\/noticia\/nid\/claudia-leitte-e-obrigada-a-encerrar-o-show-na-metade-no-sao-joao-em-caruaru\/\" target=\"_blank\">\u00a0teve seu show interrompido ap\u00f3s 40 minutos de apresenta\u00e7\u00e3o<\/a>\u00a0na primeira noite do S\u00e3o Jo\u00e3o de Caruaru, em Pernambuco, na madrugada deste domingo (5). Abalada, a baiana\u00a0reclamou com a produ\u00e7\u00e3o do palco. &#8220;\u00c9 s\u00e9rio? Mas que horas s\u00e3o? \u00d4 pessoal, eu preparei um show de duas horas e meia, por baixo, para fazer hoje para voc\u00eas&#8221;.<\/p>\n\n\n\n<p>Marcado&nbsp;para come\u00e7ar meia-noite e durar duas hora,&nbsp;o show foi reduzido ap\u00f3s uma&nbsp;falha t\u00e9cnica no in\u00edcio do evento atrasar toda a grade do evento.<\/p>\n\n\n\n<p>&#8220;A primeira atra\u00e7\u00e3o da festa atrasou por causa de uma falha t\u00e9cnica na mesa de som que precisou ser trocada, da\u00ed as demais atra\u00e7\u00f5es tiveram que diminuir o tempo de show. E a festa precisa ir at\u00e9 \u00e0s 2h [da manh\u00e3], por um acordo com a pol\u00edcia militar&#8221;, esclareceu a assessoria da Prefeitura de Caruaru\u00a0ao portal iG Gente.<\/p>\n\n\n\n<p>\u00c9 que o Termo de Compromisso de Ajustamento de Conduta (TAC),&nbsp;assinado pelo \u00f3rg\u00e3o,&nbsp;prev\u00ea que nas sextas-feiras, nos s\u00e1bados e nos dias 23 e 24 de junho de 2022,&nbsp;os festejos realizados no P\u00e1tio de Eventos Luiz Gonzaga devem ser encerrados at\u00e9 as 2h da manh\u00e3; nos demais dias da semana e aos domingos, at\u00e9 a meia-noite. O TAC foi firmado no dia 4 de maio.<\/p>\n\n\n\n<p>A assessoria de&nbsp;Claudia Leitte&nbsp;informou ao&nbsp;g1&nbsp;que &#8220;o que aconteceu foi que o evento teve atrasos no in\u00edcio da noite e isso impactou diretamente no show de Claudia, que teve que ser encerrado antes, por problemas internos da organiza\u00e7\u00e3o&#8221;.<\/p>\n\n\n\n<p><strong>Atrasos<\/strong>:<\/p>\n\n\n\n<p>De acordo com o portal, a&nbsp;atra\u00e7\u00e3o Orquestra de P\u00edfanos n\u00e3o iniciou&nbsp;o show no P\u00e1tio de Eventos Luiz Lua Gonzaga \u00e0s 20h, como previsto pela&nbsp;organiza\u00e7\u00e3o do evento. Embora eles estivessem no local&nbsp;no hor\u00e1rio previsto, o grupo precisou aguardar a autoriza\u00e7\u00e3o da prefeitura para come\u00e7ar a apresenta\u00e7\u00e3o.<\/p>\n\n\n\n<p>J\u00e1 a cantora\u00a0Elba Ramalho come\u00e7ou a apresenta\u00e7\u00e3o depois das 21h, seguida de Solange Almeida. Portanto, Claudia Leittte s\u00f3\u00a0p\u00f4de come\u00e7ar o seu show pr\u00f3ximo ao hor\u00e1rio de 2h da manh\u00e3,\u00a0hor\u00e1rio determinado pelo Termo de Compromisso de Ajustamento de Conduta (TAC) para terminar as atividades no local. (Correio24hs)<\/p>\n\n\n\n<p><\/p>\n","protected":false},"excerpt":{"rendered":"<p>A cantora Claudia Leitte\u00a0teve seu show interrompido ap\u00f3s 40 minutos de apresenta\u00e7\u00e3o\u00a0na primeira noite do&hellip;<\/p>\n","protected":false},"author":2,"featured_media":1601,"comment_status":"open","ping_status":"open","sticky":false,"template":"","format":"standard","meta":{"footnotes":""},"categories":[35,63],"tags":[],"class_list":["post-1600","post","type-post","status-publish","format-standard","has-post-thumbnail","hentry","category-musica","category-sao-joao"],"_links":{"self":[{"href":"https:\/\/atitudenoticias.com.br\/index.php?rest_route=\/wp\/v2\/posts\/1600","targetHints":{"allow":["GET"]}}],"collection":[{"href":"https:\/\/atitudenoticias.com.br\/index.php?rest_route=\/wp\/v2\/posts"}],"about":[{"href":"https:\/\/atitudenoticias.com.br\/index.php?rest_route=\/wp\/v2\/types\/post"}],"author":[{"embeddable":true,"href":"https:\/\/atitudenoticias.com.br\/index.php?rest_route=\/wp\/v2\/users\/2"}],"replies":[{"embeddable":true,"href":"https:\/\/atitudenoticias.com.br\/index.php?rest_route=%2Fwp%2Fv2%2Fcomments&post=1600"}],"version-history":[{"count":1,"href":"https:\/\/atitudenoticias.com.br\/index.php?rest_route=\/wp\/v2\/posts\/1600\/revisions"}],"predecessor-version":[{"id":1602,"href":"https:\/\/atitudenoticias.com.br\/index.php?rest_route=\/wp\/v2\/posts\/1600\/revisions\/1602"}],"wp:featuredmedia":[{"embeddable":true,"href":"https:\/\/atitudenoticias.com.br\/index.php?rest_route=\/wp\/v2\/media\/1601"}],"wp:attachment":[{"href":"https:\/\/atitudenoticias.com.br\/index.php?rest_route=%2Fwp%2Fv2%2Fmedia&parent=1600"}],"wp:term":[{"taxonomy":"category","embeddable":true,"href":"https:\/\/atitudenoticias.com.br\/index.php?rest_route=%2Fwp%2Fv2%2Fcategories&post=1600"},{"taxonomy":"post_tag","embeddable":true,"href":"https:\/\/atitudenoticias.com.br\/index.php?rest_route=%2Fwp%2Fv2%2Ftags&post=1600"}],"curies":[{"name":"wp","href":"https:\/\/api.w.org\/{rel}","templated":true}]}}