{"id":16156,"date":"2024-06-20T17:17:37","date_gmt":"2024-06-20T20:17:37","guid":{"rendered":"http:\/\/atitudenoticias.com.br\/?p=16156"},"modified":"2024-06-21T17:25:36","modified_gmt":"2024-06-21T20:25:36","slug":"irara-ganha-escola-de-tempo-integral-e-governo-anuncia-pacote-de-obras-em-infraestrutura-urbana-hidrica-e-seguranca","status":"publish","type":"post","link":"https:\/\/atitudenoticias.com.br\/?p=16156","title":{"rendered":"Irar\u00e1 ganha escola de tempo integral e Governo anuncia pacote de obras em infraestrutura urbana, h\u00eddrica e seguran\u00e7a"},"content":{"rendered":"\n<p class=\"has-text-align-center\"><strong><em>Tamb\u00e9m foi dada por entregue as obras de pavimenta\u00e7\u00e3o com drenagem superficial e profunda em quatro ruas do bairro Loteamento Carib\u00e9.\u00a0<\/em><\/strong><\/p>\n\n\n\n<p>A 47\u00aa nova escola estadual de tempo integral foi entregue nesta quinta-feira (20) em Irar\u00e1, cidade baiana localizada no territ\u00f3rio de identidade Portal do Sert\u00e3o. O col\u00e9gio, que homenageia a Professora Marlene Alves dos Santos, agora oferece 24 salas, quatro laborat\u00f3rios, duas salas multifuncionais, teatro, restaurante estudantil, biblioteca, quadra poliesportiva coberta, campo de futebol society com pista de atletismo, vesti\u00e1rio e 30 banheiros. Toda a infraestrutura f\u00edsica inaugurada pelo governador Jer\u00f4nimo Rodrigues e demais autoridades, vai permitir atividades curriculares pedag\u00f3gicas e extracurriculares, ampliando possibilidades a estudantes e professores.<\/p>\n\n\n\n<p>O investimento foi realizado por meio da Secretaria de Educa\u00e7\u00e3o (SEC) em parceria com a Companhia de Desenvolvimento Urbano (Conder), na ordem de quase R$31 milh\u00f5es de reais. As obras ainda inclu\u00edram a pavimenta\u00e7\u00e3o do acesso \u00e0 unidade. Na ocasi\u00e3o da inaugura\u00e7\u00e3o, um \u00f4nibus escolar foi entregue para o transporte dos alunos que moram na zona rural do munic\u00edpio. \u201cMais uma escola, eu j\u00e1 vou chegar a escola de n\u00famero cinquenta. Quero dizer da minha alegria, entregar educa\u00e7\u00e3o, economia, a alegria \u00e9 muito grande estar aqui\u201d, afirmou Jer\u00f4nimo.<\/p>\n\n\n\n<p>\u201cTem curso de educa\u00e7\u00e3o profissional e tecnol\u00f3gica aqui pra formar os nossos estudantes, os nossos meninos e as meninas pro arranjo produtivo do territ\u00f3rio. Tem muitos estudantes inscritos no Enem, com a possibilidade de acessar a universidade ao final da terceira s\u00e9rie do ensino m\u00e9dio. N\u00f3s estamos falando aqui de 1.123 estudantes, fam\u00edlias atendidas, com equipamento de educa\u00e7\u00e3o integral, em tempo integral. O estudante entra nessas escolas \u00e0s 7h, da manh\u00e3 e sai ao final do dia. Tem as suas refei\u00e7\u00f5es garantidas aqui, mas, sobretudo, \u00e9 um lugar de constru\u00e7\u00e3o do conhecimento, de bem-estar, de seguran\u00e7a, de acolhimento\u201d, explicou a secret\u00e1ria da Educa\u00e7\u00e3o em exerc\u00edcio, Rowenna Brito.<\/p>\n\n\n\n<p><strong>Mais infraestrutura<\/strong><\/p>\n\n\n\n<p>Tamb\u00e9m foi dada por entregue as obras de pavimenta\u00e7\u00e3o com drenagem superficial e profunda em quatro ruas do bairro Loteamento Carib\u00e9. Presencialmente, o governador e a Secretaria de Desenvolvimento Rural (SDR) entregaram 70 barracas para a Central de Abastecimento Municipal de Irar\u00e1 e inauguraram a nova cobertura. A Secretaria do Trabalho, Emprego, Renda e Esporte (Setre), por meio da Superintend\u00eancia de Desportos do Estado da Bahia (Sudesb), entregou a reforma do Est\u00e1dio Municipal Alberto Pereira de Santana.<\/p>\n\n\n\n<p><strong>Investimentos<\/strong><\/p>\n\n\n\n<p>O governador assinou a ordem de servi\u00e7o para constru\u00e7\u00e3o da Unidade Integrada da Delegacia Territorial e da 1\u00aa Companhia Independente de Pol\u00edcia Militar (CIPM) de Irar\u00e1. A obra est\u00e1 or\u00e7ada em R$ 3,7 milh\u00f5es e deve ser conclu\u00edda em nove meses. J\u00e1 a Secretaria de Infraestrutura H\u00eddrica (Sihs) foi autorizada por meio da Companhia De Engenharia H\u00eddrica e de Saneamento (Cerb) a implantar o Sistema Simplificado de Abastecimento de \u00c1gua (SSAA) nas localidades de Moc\u00f3, Saco do Capim, Ros\u00e1rio, Pregui\u00e7a, Candeal Moura, Sobradinho e Le\u00e3o. Mais de R$ 2 milh\u00f5es ser\u00e3o aplicados.<\/p>\n\n\n\n<p>A Secretaria de Desenvolvimento Urbano (Sedur), atrav\u00e9s de Companhia de Desenvolvimento Urbano (Conder) vai celebrar conv\u00eanio com a Prefeitura para revitalizar a Fonte da Na\u00e7\u00e3o, na sede de Irar\u00e1; e para constru\u00e7\u00e3o de uma pra\u00e7a do distrito de Santo Ant\u00f4nio. Tamb\u00e9m foi autorizada a pavimenta\u00e7\u00e3o em paralelep\u00edpedo em oito ruas do Loteamento Itamar, al\u00e9m de outras diversas ruas da sede. Por fim, a Secretaria de Infraestrutura (Seinfra) vai elaborar o projeto de pavimenta\u00e7\u00e3o asf\u00e1ltica no trecho de 15km de rodovia entre Irar\u00e1, Saco do Capim e Retiro.<\/p>\n\n\n\n<p>\u201cPara mim \u00e9 muito gratificante vir nesses munic\u00edpios que eu passei antes, eu conhe\u00e7o Irar\u00e1, antes mesmo de ser governador, vir aqui com o sindicato, com a cooperativa, com as festas culturais e naturalmente que eu continuarei fazendo, voltarei j\u00e1 em breve para podermos fazer as entregas que n\u00f3s n\u00e3o conseguimos entregar hoje por conta do volume de obras\u201d, acrescentou, Jer\u00f4nimo.<\/p>\n\n\n\n<p><strong><em>(SECOM\/GOVBA)<\/em><\/strong><\/p>\n","protected":false},"excerpt":{"rendered":"<p>Tamb\u00e9m foi dada por entregue as obras de pavimenta\u00e7\u00e3o com drenagem superficial e profunda em&hellip;<\/p>\n","protected":false},"author":2,"featured_media":16157,"comment_status":"open","ping_status":"open","sticky":false,"template":"","format":"standard","meta":{"footnotes":""},"categories":[22,72],"tags":[],"class_list":["post-16156","post","type-post","status-publish","format-standard","has-post-thumbnail","hentry","category-bahia","category-educacao"],"_links":{"self":[{"href":"https:\/\/atitudenoticias.com.br\/index.php?rest_route=\/wp\/v2\/posts\/16156","targetHints":{"allow":["GET"]}}],"collection":[{"href":"https:\/\/atitudenoticias.com.br\/index.php?rest_route=\/wp\/v2\/posts"}],"about":[{"href":"https:\/\/atitudenoticias.com.br\/index.php?rest_route=\/wp\/v2\/types\/post"}],"author":[{"embeddable":true,"href":"https:\/\/atitudenoticias.com.br\/index.php?rest_route=\/wp\/v2\/users\/2"}],"replies":[{"embeddable":true,"href":"https:\/\/atitudenoticias.com.br\/index.php?rest_route=%2Fwp%2Fv2%2Fcomments&post=16156"}],"version-history":[{"count":3,"href":"https:\/\/atitudenoticias.com.br\/index.php?rest_route=\/wp\/v2\/posts\/16156\/revisions"}],"predecessor-version":[{"id":16160,"href":"https:\/\/atitudenoticias.com.br\/index.php?rest_route=\/wp\/v2\/posts\/16156\/revisions\/16160"}],"wp:featuredmedia":[{"embeddable":true,"href":"https:\/\/atitudenoticias.com.br\/index.php?rest_route=\/wp\/v2\/media\/16157"}],"wp:attachment":[{"href":"https:\/\/atitudenoticias.com.br\/index.php?rest_route=%2Fwp%2Fv2%2Fmedia&parent=16156"}],"wp:term":[{"taxonomy":"category","embeddable":true,"href":"https:\/\/atitudenoticias.com.br\/index.php?rest_route=%2Fwp%2Fv2%2Fcategories&post=16156"},{"taxonomy":"post_tag","embeddable":true,"href":"https:\/\/atitudenoticias.com.br\/index.php?rest_route=%2Fwp%2Fv2%2Ftags&post=16156"}],"curies":[{"name":"wp","href":"https:\/\/api.w.org\/{rel}","templated":true}]}}