{"id":16503,"date":"2024-07-15T18:22:11","date_gmt":"2024-07-15T21:22:11","guid":{"rendered":"http:\/\/atitudenoticias.com.br\/?p=16503"},"modified":"2024-07-15T18:24:40","modified_gmt":"2024-07-15T21:24:40","slug":"pm-da-bahia-solicita-prisao-de-dois-soldados-influenciadores-saiba-motivo","status":"publish","type":"post","link":"https:\/\/atitudenoticias.com.br\/?p=16503","title":{"rendered":"PM da Bahia solicita pris\u00e3o de dois soldados influenciadores; saiba motivo"},"content":{"rendered":"\n<p class=\"has-text-align-center\"><strong><em>A determina\u00e7\u00e3o do pedido de pris\u00e3o teria sido formalizada pelo comandante-geral da PM-BA, Paulo Coutinho. <\/em><\/strong><\/p>\n\n\n\n<p>A Pol\u00edcia Militar da Bahia (PM-BA) fez o pedido de pris\u00e3o dos soldados Cl\u00e9zio Santana Lins e Flora Thais Machado do Nascimento, que tamb\u00e9m s\u00e3o influenciadores digitais, por 30 dias. Os agentes foram condenados de maneira separada por condutas consideradas &#8220;inadequadas&#8221; nas redes sociais. <\/p>\n\n\n\n<p>Cl\u00e9zio Santana \u00e9 da 59\u00aa Companhia Independente (CIPM\/Vila de Abrantes), enquanto Flora Thais \u00e9 do Batalh\u00e3o de Pol\u00edcia Rodovi\u00e1ria. A determina\u00e7\u00e3o do pedido de pris\u00e3o teria sido formalizada pelo comandante-geral da PM-BA, Paulo Coutinho. <\/p>\n\n\n\n<p>O soldado Cl\u00e9zio Santana, que acumula mais de 40 mil seguidores no Instagram, enfrentou um Processo Administrativo Disciplinar ap\u00f3s expor a PM da Bahia no podcast&nbsp;<em>\u201cS\u00f3 Vem\u201d<\/em>.<\/p>\n\n\n\n<p>Na entrevista em quest\u00e3o, o agente da PM contou de forma detalhada uma abordagem policial em que um dos policiais teria supostamente furtado a calcinha de uma mulher, o caso veio \u00e0 tona em outubro de 2023, na \u00e9poca, a atitude resultou no afastamento de Cl\u00e9zio Santana das atividades policiais. <\/p>\n\n\n\n<p>Os oficiais respons\u00e1veis pela investiga\u00e7\u00e3o conclu\u00edram que as declara\u00e7\u00f5es de Cl\u00e9zio exp\u00f4s de forma negativa a corpora\u00e7\u00e3o da PM-BA em territ\u00f3rio nacional, afetando atributos considerados cruciais para a credibilidade da institui\u00e7\u00e3o no policiamento. De acordo com o relat\u00f3rio, Cl\u00e9zio violou as normas que regulam o uso das redes sociais por policiais militares no estado.<\/p>\n\n\n\n<p>A outra agente em quest\u00e3o, Flora Thais Machado do Nascimento, foi alvo de um Processo Disciplinar Sum\u00e1rio por divulgar \u201cpublis\u201d de produtos diversos, inclusive enquanto estava fardada, entre abril e junho de 2023. A Pol\u00edcia Militar considera os posts uma associa\u00e7\u00e3o inadequada da imagem institucional da PM.<\/p>\n\n\n\n<p>Os oficiais que assinaram o relat\u00f3rio do Processo Administrativo afirmaram que o uso da imagem institucional em atividades comerciais nas redes sociais n\u00e3o est\u00e1 alinhado com os padr\u00f5es \u00e9ticos e de comportamento esperados para os membros da Pol\u00edcia Militar da Bahia<em><strong>. (BNews)<\/strong><\/em><\/p>\n","protected":false},"excerpt":{"rendered":"<p>A determina\u00e7\u00e3o do pedido de pris\u00e3o teria sido formalizada pelo comandante-geral da PM-BA, Paulo Coutinho.&hellip;<\/p>\n","protected":false},"author":2,"featured_media":16504,"comment_status":"open","ping_status":"open","sticky":false,"template":"","format":"standard","meta":{"footnotes":""},"categories":[22,60],"tags":[],"class_list":["post-16503","post","type-post","status-publish","format-standard","has-post-thumbnail","hentry","category-bahia","category-policia"],"_links":{"self":[{"href":"https:\/\/atitudenoticias.com.br\/index.php?rest_route=\/wp\/v2\/posts\/16503","targetHints":{"allow":["GET"]}}],"collection":[{"href":"https:\/\/atitudenoticias.com.br\/index.php?rest_route=\/wp\/v2\/posts"}],"about":[{"href":"https:\/\/atitudenoticias.com.br\/index.php?rest_route=\/wp\/v2\/types\/post"}],"author":[{"embeddable":true,"href":"https:\/\/atitudenoticias.com.br\/index.php?rest_route=\/wp\/v2\/users\/2"}],"replies":[{"embeddable":true,"href":"https:\/\/atitudenoticias.com.br\/index.php?rest_route=%2Fwp%2Fv2%2Fcomments&post=16503"}],"version-history":[{"count":2,"href":"https:\/\/atitudenoticias.com.br\/index.php?rest_route=\/wp\/v2\/posts\/16503\/revisions"}],"predecessor-version":[{"id":16507,"href":"https:\/\/atitudenoticias.com.br\/index.php?rest_route=\/wp\/v2\/posts\/16503\/revisions\/16507"}],"wp:featuredmedia":[{"embeddable":true,"href":"https:\/\/atitudenoticias.com.br\/index.php?rest_route=\/wp\/v2\/media\/16504"}],"wp:attachment":[{"href":"https:\/\/atitudenoticias.com.br\/index.php?rest_route=%2Fwp%2Fv2%2Fmedia&parent=16503"}],"wp:term":[{"taxonomy":"category","embeddable":true,"href":"https:\/\/atitudenoticias.com.br\/index.php?rest_route=%2Fwp%2Fv2%2Fcategories&post=16503"},{"taxonomy":"post_tag","embeddable":true,"href":"https:\/\/atitudenoticias.com.br\/index.php?rest_route=%2Fwp%2Fv2%2Ftags&post=16503"}],"curies":[{"name":"wp","href":"https:\/\/api.w.org\/{rel}","templated":true}]}}