{"id":16514,"date":"2024-07-16T17:23:11","date_gmt":"2024-07-16T20:23:11","guid":{"rendered":"http:\/\/atitudenoticias.com.br\/?p=16514"},"modified":"2024-07-16T23:23:38","modified_gmt":"2024-07-17T02:23:38","slug":"assinado-contrato-para-mais-226-casas-do-mcmv-em-feira","status":"publish","type":"post","link":"https:\/\/atitudenoticias.com.br\/?p=16514","title":{"rendered":"Assinado contrato para mais 226 casas do MCMV em Feira"},"content":{"rendered":"\n<p class=\"has-text-align-center\"><em><strong>Durante a solenidade, o prefeito Colbert Filho refor\u00e7ou o compromisso da gest\u00e3o municipal em garantir moradia digna para a popula\u00e7\u00e3o de Feira de Santana.<\/strong><\/em><\/p>\n\n\n\n<p>O prefeito Colbert Martins Filho assinou nesta ter\u00e7a-feira (16) o contrato para constru\u00e7\u00e3o de mais 226 unidades habitacionais do Programa Minha Casa, Minha Vida em Feira de Santana. O ato aconteceu no Pa\u00e7o Municipal Maria Quit\u00e9ria com a presen\u00e7a de representantes da Caixa Econ\u00f4mica Municipal, da construtora respons\u00e1vel pelo empreendimento, secret\u00e1rios municipais e profissionais de imprensa. O Residencial Rio de Janeiro ser\u00e1 constru\u00eddo no bairro Gabriela, com prazo de conclus\u00e3o de 18 meses.&nbsp;<\/p>\n\n\n\n<p>As novas casas ser\u00e3o erguidas no bairro Gabriela, com prazo de entrega de 18 meses. O residencial contar\u00e1 com lotes individuais de 115 metros quadrados, onde ser\u00e3o constru\u00eddas casas de 45,72 metros quadrados com dois quartos, sala, cozinha, banheiro e quintal. A infraestrutura do local incluir\u00e1 \u00e1reas verdes, pra\u00e7a, academia ao ar livre, quiosque, centro comunit\u00e1rio com biblioteca, casa de lixo, ciclofaixas e parquinho infantil.<\/p>\n\n\n\n<p>Durante a solenidade, o prefeito Colbert Filho refor\u00e7ou o compromisso da gest\u00e3o municipal em garantir moradia digna para a popula\u00e7\u00e3o de Feira de Santana. &#8220;Com a assinatura deste contrato, somamos quase 700 unidades habitacionais autorizadas nesta nova etapa do Minha Casa, Minha Vida, quando ser\u00e3o beneficiadas um total de 1.200 fam\u00edlias&#8221;, destacou.<\/p>\n\n\n\n<p>O gestor tamb\u00e9m enfatizou a lisura do processo de sele\u00e7\u00e3o das fam\u00edlias contempladas. &#8220;Os crit\u00e9rios ser\u00e3o cada vez mais transparentes e rigorosos, priorizando mulheres chefes de fam\u00edlia e inscritas no Cad\u00danico, sem nenhuma interfer\u00eancia pol\u00edtica&#8221;, assegurou.<\/p>\n\n\n\n<p>O representante da Esta\u00e7\u00e3o 1, Matheus Rios, apresentou detalhes do residencial. &#8220;O empreendimento foi projetado para oferecer uma excelente qualidade de vida aos moradores, com casas amplas, \u00e1reas verdes, espa\u00e7os de lazer e infraestrutura completa&#8221;, afirmou.<\/p>\n\n\n\n<p><em><strong>(SECOM\/PMFS &#8211; Foto: ACM)<\/strong><\/em><\/p>\n","protected":false},"excerpt":{"rendered":"<p>Durante a solenidade, o prefeito Colbert Filho refor\u00e7ou o compromisso da gest\u00e3o municipal em garantir&hellip;<\/p>\n","protected":false},"author":2,"featured_media":16515,"comment_status":"open","ping_status":"open","sticky":false,"template":"","format":"standard","meta":{"footnotes":""},"categories":[58],"tags":[],"class_list":["post-16514","post","type-post","status-publish","format-standard","has-post-thumbnail","hentry","category-feira-de-santana"],"_links":{"self":[{"href":"https:\/\/atitudenoticias.com.br\/index.php?rest_route=\/wp\/v2\/posts\/16514","targetHints":{"allow":["GET"]}}],"collection":[{"href":"https:\/\/atitudenoticias.com.br\/index.php?rest_route=\/wp\/v2\/posts"}],"about":[{"href":"https:\/\/atitudenoticias.com.br\/index.php?rest_route=\/wp\/v2\/types\/post"}],"author":[{"embeddable":true,"href":"https:\/\/atitudenoticias.com.br\/index.php?rest_route=\/wp\/v2\/users\/2"}],"replies":[{"embeddable":true,"href":"https:\/\/atitudenoticias.com.br\/index.php?rest_route=%2Fwp%2Fv2%2Fcomments&post=16514"}],"version-history":[{"count":1,"href":"https:\/\/atitudenoticias.com.br\/index.php?rest_route=\/wp\/v2\/posts\/16514\/revisions"}],"predecessor-version":[{"id":16516,"href":"https:\/\/atitudenoticias.com.br\/index.php?rest_route=\/wp\/v2\/posts\/16514\/revisions\/16516"}],"wp:featuredmedia":[{"embeddable":true,"href":"https:\/\/atitudenoticias.com.br\/index.php?rest_route=\/wp\/v2\/media\/16515"}],"wp:attachment":[{"href":"https:\/\/atitudenoticias.com.br\/index.php?rest_route=%2Fwp%2Fv2%2Fmedia&parent=16514"}],"wp:term":[{"taxonomy":"category","embeddable":true,"href":"https:\/\/atitudenoticias.com.br\/index.php?rest_route=%2Fwp%2Fv2%2Fcategories&post=16514"},{"taxonomy":"post_tag","embeddable":true,"href":"https:\/\/atitudenoticias.com.br\/index.php?rest_route=%2Fwp%2Fv2%2Ftags&post=16514"}],"curies":[{"name":"wp","href":"https:\/\/api.w.org\/{rel}","templated":true}]}}