{"id":16695,"date":"2024-08-02T21:09:06","date_gmt":"2024-08-03T00:09:06","guid":{"rendered":"http:\/\/atitudenoticias.com.br\/?p=16695"},"modified":"2024-08-04T21:21:16","modified_gmt":"2024-08-05T00:21:16","slug":"500-estudantes-ingressos-do-programa-jovem-aprendiz-feirense-sao-recepcionados","status":"publish","type":"post","link":"https:\/\/atitudenoticias.com.br\/?p=16695","title":{"rendered":"500 estudantes ingressos do programa Jovem Aprendiz Feirense s\u00e3o recepcionados"},"content":{"rendered":"\n<p class=\"has-text-align-center\"><em><strong>Na manh\u00e3 da sexta-feira (2), 500 estudantes do programa Jovem Aprendiz Feirense foram recepcionados pelas autoridades municipais no audit\u00f3rio da Faculdade de Ensino Superior de Feira de Santana (UNEF).\u00a0<\/strong><\/em><\/p>\n\n\n\n<p>O programa, que visa proporcionar qualifica\u00e7\u00e3o profissional para os jovens, \u00e9 realizado pela Prefeitura de Feira de Santana em parceria com a Rede Nacional de Aprendizagem, Promo\u00e7\u00e3o Social e Integra\u00e7\u00e3o (RENAPSI).<\/p>\n\n\n\n<p>Estiveram presentes no evento de recep\u00e7\u00e3o, o prefeito Colbert Martins Filho, acompanhado da secret\u00e1ria de Educa\u00e7\u00e3o, Anaci Paim, da secret\u00e1ria extraordin\u00e1ria de Juventude, Suelen Moreira, de demais autoridades municipais, alunos e pais beneficiados pelo programa, e os gestores do projeto.&nbsp;<\/p>\n\n\n\n<p>Os estudantes selecionados desempenham fun\u00e7\u00f5es administrativas nas escolas municipais, e nas secretarias da Prefeitura. Os jovens s\u00e3o contratados no regime CLT, ganhando mensalmente uma bolsa no valor de R$ 600 reais, incluindo vale-transporte, seguro de vida e 13\u00ba sal\u00e1rio.&nbsp;<\/p>\n\n\n\n<p>\u201cEsse programa, al\u00e9m de ajudar a inserir o jovem no mercado de trabalho, contribui no desenvolvimento da postura cidad\u00e3, da \u00e9tica, e das rela\u00e7\u00f5es interpessoais. Nosso plano \u00e9 combater a evas\u00e3o escolar, permitindo que o jovem estude num per\u00edodo, e trabalhe em outro\u201d, destaca a secret\u00e1ria de Educa\u00e7\u00e3o, Anaci Paim.&nbsp;<\/p>\n\n\n\n<p>Em suas palavras direcionadas aos pais, o prefeito Colbert Martins Filho reiterou o compromisso que a Prefeitura assume no desenvolvimento profissional desses jovens para o mercado de trabalho.&nbsp;<\/p>\n\n\n\n<p>&#8220;O compromisso que n\u00f3s da Prefeitura temos com a fam\u00edlia de voc\u00eas, alunos, \u00e9 imenso! Tenho certeza que muitos pais aqui presentes neste audit\u00f3rio, tiveram que abandonar os estudos para poder trabalhar quando era jovem. O nosso objetivo \u00e9 que isso n\u00e3o se repita novamente! Queremos que os jovens de hoje n\u00e3o precisem mais fazer isso. N\u00f3s sabemos o quanto o poder da educa\u00e7\u00e3o \u00e9 transformador. Atrav\u00e9s do conhecimento, voc\u00eas, jovens, podem crescer na vida\u201d, reitera o prefeito Colbert Martins Filho.&nbsp;<\/p>\n\n\n\n<p>Diego Rocha, gerente da RENAPSI, deu as boas-vindas aos jovens ingressos no programa, que \u00e9 um modelo de sucesso no estado de Goi\u00e1s.&nbsp;<\/p>\n\n\n\n<p>&#8220;Sem d\u00favidas, esse \u00e9 o maior programa de inclus\u00e3o social que Feira de Santana j\u00e1 viu! Hoje, iniciamos uma nova jornada cheia de oportunidades para o crescimento profissional de voc\u00eas, jovens. Aproveitem cada momento, cada oportunidade nesse processo, que ser\u00e1 enriquecedor para a vida de voc\u00eas\u201d, pontua Diego Rocha.&nbsp;<\/p>\n\n\n\n<p>Durante o evento, uma das novidades anunciadas, \u00e9 a forma\u00e7\u00e3o de um grupo de jovens para representar os 17 Objetivos de Desenvolvimento Sustent\u00e1vel (ODS) da Organiza\u00e7\u00e3o das Na\u00e7\u00f5es Unidas (ONU) em Bras\u00edlia\/DF.&nbsp;<\/p>\n\n\n\n<p>O objetivo \u00e9 trabalhar com os jovens do programa, as ideias propostas pela ONU para o Desenvolvimento Sustent\u00e1vel, e prepar\u00e1-los para falar sobre o assunto, como explica o diretor do WWI-Worldwatch Institute no Brasil, Eduardo Athayde.&nbsp;<\/p>\n\n\n\n<p>\u201cVoc\u00eas, jovens, s\u00e3o protagonistas desses objetivos do Desenvolvimento Sustent\u00e1vel, sendo representantes do semi\u00e1rido, observando o local onde voc\u00eas est\u00e3o inseridos. Queremos levar um grupo de jovens para falar desses objetivos no que tange ao semi\u00e1rido l\u00e1 em Bras\u00edlia\u201d, explica Eduardo Athayde.&nbsp;<\/p>\n\n\n\n<p>Ainda durante o evento, o estudante Luis Arthur Souza Santiago, beneficiado pelo programa, agradeceu a oportunidade.&nbsp;<\/p>\n\n\n\n<p>&#8220;Agrade\u00e7o muito aos professores que me incentivaram a estar nesse programa. Hoje eu falo para todos voc\u00eas: n\u00e3o desistam! Persistam! Esse programa pode transformar a vida de voc\u00eas&#8221;, agradece o estudante. <\/p>\n\n\n\n<p><em><strong>(SECOM\/PMFS &#8211; Foto: ACM)<\/strong><\/em><\/p>\n","protected":false},"excerpt":{"rendered":"<p>Na manh\u00e3 da sexta-feira (2), 500 estudantes do programa Jovem Aprendiz Feirense foram recepcionados pelas&hellip;<\/p>\n","protected":false},"author":2,"featured_media":16696,"comment_status":"open","ping_status":"open","sticky":false,"template":"","format":"standard","meta":{"footnotes":""},"categories":[72,58],"tags":[],"class_list":["post-16695","post","type-post","status-publish","format-standard","has-post-thumbnail","hentry","category-educacao","category-feira-de-santana"],"_links":{"self":[{"href":"https:\/\/atitudenoticias.com.br\/index.php?rest_route=\/wp\/v2\/posts\/16695","targetHints":{"allow":["GET"]}}],"collection":[{"href":"https:\/\/atitudenoticias.com.br\/index.php?rest_route=\/wp\/v2\/posts"}],"about":[{"href":"https:\/\/atitudenoticias.com.br\/index.php?rest_route=\/wp\/v2\/types\/post"}],"author":[{"embeddable":true,"href":"https:\/\/atitudenoticias.com.br\/index.php?rest_route=\/wp\/v2\/users\/2"}],"replies":[{"embeddable":true,"href":"https:\/\/atitudenoticias.com.br\/index.php?rest_route=%2Fwp%2Fv2%2Fcomments&post=16695"}],"version-history":[{"count":2,"href":"https:\/\/atitudenoticias.com.br\/index.php?rest_route=\/wp\/v2\/posts\/16695\/revisions"}],"predecessor-version":[{"id":16701,"href":"https:\/\/atitudenoticias.com.br\/index.php?rest_route=\/wp\/v2\/posts\/16695\/revisions\/16701"}],"wp:featuredmedia":[{"embeddable":true,"href":"https:\/\/atitudenoticias.com.br\/index.php?rest_route=\/wp\/v2\/media\/16696"}],"wp:attachment":[{"href":"https:\/\/atitudenoticias.com.br\/index.php?rest_route=%2Fwp%2Fv2%2Fmedia&parent=16695"}],"wp:term":[{"taxonomy":"category","embeddable":true,"href":"https:\/\/atitudenoticias.com.br\/index.php?rest_route=%2Fwp%2Fv2%2Fcategories&post=16695"},{"taxonomy":"post_tag","embeddable":true,"href":"https:\/\/atitudenoticias.com.br\/index.php?rest_route=%2Fwp%2Fv2%2Ftags&post=16695"}],"curies":[{"name":"wp","href":"https:\/\/api.w.org\/{rel}","templated":true}]}}