{"id":1722,"date":"2022-06-09T02:49:23","date_gmt":"2022-06-09T02:49:23","guid":{"rendered":"http:\/\/atitudenoticias.com.br\/?p=1722"},"modified":"2022-06-09T02:50:54","modified_gmt":"2022-06-09T02:50:54","slug":"boxeador-que-viralizou-por-lutar-contra-o-ar-morre-apos-dois-dias-no-hospital","status":"publish","type":"post","link":"https:\/\/atitudenoticias.com.br\/?p=1722","title":{"rendered":"Boxeador que viralizou por &#8216;lutar contra o ar&#8217; morre ap\u00f3s dois dias no hospital"},"content":{"rendered":"\n<p class=\"has-medium-font-size wp-block-paragraph\">Simiso Buthelezi teve uma les\u00e3o cerebral ap\u00f3s receber um golpe na cabe\u00e7a<\/p>\n\n\n\n<p class=\"wp-block-paragraph\">O boxeador sul-africano Simiso Buthelezi, de 24 anos, morreu dois dias ap\u00f3s ser internado em um hospital por um golpe que recebeu na cabe\u00e7a durante uma luta. Um v\u00eddeo, gravado no domingo (5), dia que ocorreu a luta,&nbsp;<a href=\"https:\/\/www.correio24horas.com.br\/noticia\/nid\/boxeador-leva-soco-fica-grogue-e-da-socos-no-ar-em-luta-veja\/\" target=\"_blank\" rel=\"noreferrer noopener\">capturou o momento pancada sofrida por&nbsp;Buthelezi e viralizou nas redes sociais. O lutador ficou atordoado com o soco e &#8220;lutou contra o vento&#8221; dentro do ringue.<\/a><\/p>\n\n\n\n<p class=\"wp-block-paragraph\">A&nbsp;Boxing South Africa (BSA), entidade que organiza as competi\u00e7\u00f5es oficiais no pa\u00eds, confirmou o falecimento do atleta nesta ter\u00e7a-feira (7). No comunicado, que foi assinado pela Boxing SA e pela fam\u00edlia do lutador, a organiza\u00e7\u00e3o afirma que&nbsp;Simiso Buthelezi sofreu uma les\u00e3o cerebral e teve uma hemorragia interna.<\/p>\n\n\n\n<p class=\"wp-block-paragraph\">\u201c\u00c9 com grande tristeza para a fam\u00edlia Buthelezi anunciar a morte de Simiso Buthelezi, que faleceu na noite passada em 7 de junho no hospital em Durban. No final de sua luta, Buthelezi desmaiou e foi levado ao hospital e descobriu-se que ele sofreu uma les\u00e3o cerebral que resultou em hemorragia interna&#8221;, diz o texto. A BSA ainda garantiu que Simiso recebeu o melhor atendimento poss\u00edvel dentro do hospital.<\/p>\n\n\n\n<p class=\"wp-block-paragraph\">O comunicado da institui\u00e7\u00e3o ainda afirma que far\u00e1 uma investiga\u00e7\u00e3o m\u00e9dica independente e, posteriormente, divulgar\u00e1 publicamente o resultado.<\/p>\n\n\n\n<p class=\"wp-block-paragraph\">A les\u00e3o sofrida pelo lutador aconteceu em um combate contra&nbsp;Siphesihle Mntungwa, que tamb\u00e9m \u00e9&nbsp;sul-africano. Ao partir para cima do advers\u00e1rio, Simiso recebe um golpe na cabe\u00e7a, mas ainda consegue empurrar&nbsp;Mntungwa para as cordas do ringue. Alguns segundos depois,&nbsp;Simiso Buthelezi ficou desorientado e come\u00e7ou a trocar socos com ar&nbsp;na dire\u00e7\u00e3o contr\u00e1ria, sem rumo.<\/p>\n\n\n\n<p class=\"wp-block-paragraph\">A luta, organizada pela\u00a0Starline Boxing Promotions, foi encerrada e\u00a0Siphesihle Mntungwa foi decretado vencedor. A entrega do cintur\u00e3o foi adiada justamente pela preocupa\u00e7\u00e3o com o estado de sa\u00fade de\u00a0Buthelezi.\u00a0(Correio24hs)<\/p>\n","protected":false},"excerpt":{"rendered":"<p>Simiso Buthelezi teve uma les\u00e3o cerebral ap\u00f3s receber um golpe na cabe\u00e7a O boxeador sul-africano&hellip;<\/p>\n","protected":false},"author":2,"featured_media":1723,"comment_status":"open","ping_status":"open","sticky":false,"template":"","format":"standard","meta":{"footnotes":""},"categories":[26],"tags":[],"class_list":["post-1722","post","type-post","status-publish","format-standard","has-post-thumbnail","hentry","category-esportes"],"_links":{"self":[{"href":"https:\/\/atitudenoticias.com.br\/index.php?rest_route=\/wp\/v2\/posts\/1722","targetHints":{"allow":["GET"]}}],"collection":[{"href":"https:\/\/atitudenoticias.com.br\/index.php?rest_route=\/wp\/v2\/posts"}],"about":[{"href":"https:\/\/atitudenoticias.com.br\/index.php?rest_route=\/wp\/v2\/types\/post"}],"author":[{"embeddable":true,"href":"https:\/\/atitudenoticias.com.br\/index.php?rest_route=\/wp\/v2\/users\/2"}],"replies":[{"embeddable":true,"href":"https:\/\/atitudenoticias.com.br\/index.php?rest_route=%2Fwp%2Fv2%2Fcomments&post=1722"}],"version-history":[{"count":3,"href":"https:\/\/atitudenoticias.com.br\/index.php?rest_route=\/wp\/v2\/posts\/1722\/revisions"}],"predecessor-version":[{"id":1746,"href":"https:\/\/atitudenoticias.com.br\/index.php?rest_route=\/wp\/v2\/posts\/1722\/revisions\/1746"}],"wp:featuredmedia":[{"embeddable":true,"href":"https:\/\/atitudenoticias.com.br\/index.php?rest_route=\/wp\/v2\/media\/1723"}],"wp:attachment":[{"href":"https:\/\/atitudenoticias.com.br\/index.php?rest_route=%2Fwp%2Fv2%2Fmedia&parent=1722"}],"wp:term":[{"taxonomy":"category","embeddable":true,"href":"https:\/\/atitudenoticias.com.br\/index.php?rest_route=%2Fwp%2Fv2%2Fcategories&post=1722"},{"taxonomy":"post_tag","embeddable":true,"href":"https:\/\/atitudenoticias.com.br\/index.php?rest_route=%2Fwp%2Fv2%2Ftags&post=1722"}],"curies":[{"name":"wp","href":"https:\/\/api.w.org\/{rel}","templated":true}]}}