{"id":17260,"date":"2024-09-06T01:19:37","date_gmt":"2024-09-06T04:19:37","guid":{"rendered":"http:\/\/atitudenoticias.com.br\/?p=17260"},"modified":"2024-09-06T18:49:10","modified_gmt":"2024-09-06T21:49:10","slug":"assembleia-legislativa-retoma-regime-hibrido-durante-eleicoes","status":"publish","type":"post","link":"https:\/\/atitudenoticias.com.br\/?p=17260","title":{"rendered":"Assembleia Legislativa retoma regime h\u00edbrido durante elei\u00e7\u00f5es"},"content":{"rendered":"\n<p class=\"wp-block-paragraph\"><strong><em>O presidente da ALBA, Adolfo Menezes (PSD), confirmou, em conversa com a imprensa, o retorno do regime h\u00edbrido na Casa<\/em><\/strong><\/p>\n\n\n\n<p class=\"wp-block-paragraph\">O presidente da Assembleia Legislativa da Bahia (ALBA), Adolfo Menezes (PSD), confirmou, em conversa com a imprensa, o retorno do regime h\u00edbrido na Casa, semelhante ao adotado durante a pandemia da Covid-19. Desta vez, a mudan\u00e7a ocorre devido ao per\u00edodo eleitoral, quando as viagens dos deputados ao interior do estado se intensificam. As sess\u00f5es das segundas, quartas e quintas-feiras ser\u00e3o realizadas remotamente, enquanto as vota\u00e7\u00f5es de projetos, \u00e0s ter\u00e7as-feiras, continuar\u00e3o de forma presencial.<\/p>\n\n\n\n<p class=\"wp-block-paragraph\">Em uma entrevista coletiva, Adolfo Menezes afirmou que a mudan\u00e7a, que entra em vigor a partir da pr\u00f3xima segunda-feira (9) e permanece at\u00e9 o final do per\u00edodo eleitoral, est\u00e1 alinhada com o que j\u00e1 \u00e9 praticado em outras Casas Legislativas, como as do Rio de Janeiro, Cear\u00e1 e Goi\u00e1s. Ele tamb\u00e9m mencionou que a proposta foi discutida durante um almo\u00e7o com os l\u00edderes das bancadas e aceita ap\u00f3s consenso entre os participantes.<\/p>\n\n\n\n<p class=\"wp-block-paragraph\">No entanto, o l\u00edder da oposi\u00e7\u00e3o, Alan Sanches (Uni\u00e3o Brasil), n\u00e3o participou do encontro e, em discurso na tribuna, declarou que \u201csequer foi convidado\u201d.<\/p>\n\n\n\n<p class=\"wp-block-paragraph\">\u201cHoje, no almo\u00e7o de trabalho com todos os l\u00edderes das bancadas, foi sugerido que n\u00f3s acompanh\u00e1ssemos o que est\u00e1 acontecendo no Brasil inteiro. A Assembleia Legislativa do Cear\u00e1, do Rio Grande do Sul, de Goi\u00e1s, do Rio de Janeiro, e de praticamente quase todos os estados brasileiros, j\u00e1 devem estar tomando a mesma medida\u201d, explicou Adolfo.<\/p>\n\n\n\n<p class=\"wp-block-paragraph\">O presidente da AL-BA fez quest\u00e3o de enfatizar que a mudan\u00e7a n\u00e3o prejudicar\u00e1 o andamento dos trabalhos e discuss\u00f5es na Casa.<\/p>\n\n\n\n<p class=\"wp-block-paragraph\">O l\u00edder do governo na AL-BA, Rosemberg Pinto (PT), afirmou que os deputados precisavam interromper suas viagens e retornar \u00e0 Assembleia Legislativa apenas para registrar presen\u00e7a, o que, na sua vis\u00e3o, era um \u201cpreju\u00edzo, do ponto de vista presencial tanto para os deputados da base do governo quanto da oposi\u00e7\u00e3o\u201d.<\/p>\n\n\n\n<p class=\"wp-block-paragraph\">Do outro lado, o l\u00edder da minoria, Alan Sanches, afirmou que ficou acordado que as sess\u00f5es h\u00edbridas ser\u00e3o apenas para debates, sem delibera\u00e7\u00f5es ou vota\u00e7\u00f5es. \u201cAs exce\u00e7\u00f5es, se por acaso tivermos que votar algum projeto e esse projeto n\u00e3o tiver consenso, ser\u00e1 presencial. Esse foi o acordo entre as duas bancadas\u201d, contou.<\/p>\n\n\n\n<p class=\"wp-block-paragraph\">\u201cEstamos ainda pensando na Bahia e tamb\u00e9m no per\u00edodo eleitoral. Cada um tentando ajudar as candidaturas dos seus candidatos. Ent\u00e3o, \u00e9 natural que, durante o per\u00edodo eleitoral, a Casa trabalhe desta forma\u201d, completou Alan Sanches.<\/p>\n\n\n\n<p class=\"wp-block-paragraph\"><strong><em>(Tribuna da Bahia)<\/em><\/strong><\/p>\n","protected":false},"excerpt":{"rendered":"<p>O presidente da ALBA, Adolfo Menezes (PSD), confirmou, em conversa com a imprensa, o retorno&hellip;<\/p>\n","protected":false},"author":2,"featured_media":6458,"comment_status":"open","ping_status":"open","sticky":false,"template":"","format":"standard","meta":{"footnotes":""},"categories":[22,30],"tags":[],"class_list":["post-17260","post","type-post","status-publish","format-standard","has-post-thumbnail","hentry","category-bahia","category-politica"],"_links":{"self":[{"href":"https:\/\/atitudenoticias.com.br\/index.php?rest_route=\/wp\/v2\/posts\/17260","targetHints":{"allow":["GET"]}}],"collection":[{"href":"https:\/\/atitudenoticias.com.br\/index.php?rest_route=\/wp\/v2\/posts"}],"about":[{"href":"https:\/\/atitudenoticias.com.br\/index.php?rest_route=\/wp\/v2\/types\/post"}],"author":[{"embeddable":true,"href":"https:\/\/atitudenoticias.com.br\/index.php?rest_route=\/wp\/v2\/users\/2"}],"replies":[{"embeddable":true,"href":"https:\/\/atitudenoticias.com.br\/index.php?rest_route=%2Fwp%2Fv2%2Fcomments&post=17260"}],"version-history":[{"count":2,"href":"https:\/\/atitudenoticias.com.br\/index.php?rest_route=\/wp\/v2\/posts\/17260\/revisions"}],"predecessor-version":[{"id":17282,"href":"https:\/\/atitudenoticias.com.br\/index.php?rest_route=\/wp\/v2\/posts\/17260\/revisions\/17282"}],"wp:featuredmedia":[{"embeddable":true,"href":"https:\/\/atitudenoticias.com.br\/index.php?rest_route=\/wp\/v2\/media\/6458"}],"wp:attachment":[{"href":"https:\/\/atitudenoticias.com.br\/index.php?rest_route=%2Fwp%2Fv2%2Fmedia&parent=17260"}],"wp:term":[{"taxonomy":"category","embeddable":true,"href":"https:\/\/atitudenoticias.com.br\/index.php?rest_route=%2Fwp%2Fv2%2Fcategories&post=17260"},{"taxonomy":"post_tag","embeddable":true,"href":"https:\/\/atitudenoticias.com.br\/index.php?rest_route=%2Fwp%2Fv2%2Ftags&post=17260"}],"curies":[{"name":"wp","href":"https:\/\/api.w.org\/{rel}","templated":true}]}}