{"id":17358,"date":"2024-09-10T20:42:36","date_gmt":"2024-09-10T23:42:36","guid":{"rendered":"http:\/\/atitudenoticias.com.br\/?p=17358"},"modified":"2024-09-10T20:42:36","modified_gmt":"2024-09-10T23:42:36","slug":"setembro-amarelo-pais-de-jovem-que-deu-origem-a-campanha-contam-que-dor-nao-tem-fim-e-alertam-se-precisar-peca-ajuda","status":"publish","type":"post","link":"https:\/\/atitudenoticias.com.br\/?p=17358","title":{"rendered":"Setembro Amarelo: pais de jovem que deu origem \u00e0 campanha contam que dor n\u00e3o tem fim e alertam: &#8216;se precisar, pe\u00e7a ajuda&#8217;"},"content":{"rendered":"\n<p class=\"has-text-align-center wp-block-paragraph\"><strong><em>Pais de Mike Emme contam como lidaram com o suic\u00eddio do filho, em 1994, aos 17 anos. Jovem gostava de restaurar carros antigos e dirigia um Ford Mustang 1968 que pintou de amarelo.<\/em><\/strong><\/p>\n\n\n\n<p class=\"wp-block-paragraph\">10 de setembro \u00e9 a data dedicada ao&nbsp;<strong>Dia Mundial de Preven\u00e7\u00e3o ao Suic\u00eddio<\/strong>. No Brasil, desde 2015 o m\u00eas passou a ser batizado de&nbsp;<strong>Setembro Amarelo<\/strong>&nbsp;por entidades que buscam conscientiza\u00e7\u00e3o sobre o tema. Uma das marcas da campanha \u00e9 a decora\u00e7\u00e3o de locais importantes com a cor amarela, como j\u00e1 ocorreu com o Cristo Redentor, o Congresso Nacional e outros tantos pontos pelo Brasil. Mas&nbsp;<strong>voc\u00ea sabe como surgiu o movimento e por que o amarelo foi a cor escolhida?<\/strong><\/p>\n\n\n\n<p class=\"wp-block-paragraph\">A campanha <em>Yellow Ribbon<\/em> <strong>(La\u00e7o Amarelo) come\u00e7ou nos EUA, depois que o jovem Mike Emme cometeu suic\u00eddio em 1994.\u00a0<\/strong>Mike tinha 17 anos, era bastante habilidoso e restaurou um autom\u00f3vel Mustang 68, pintando-o de amarelo. Seus pais e amigos n\u00e3o perceberam que o jovem tinha problemas psicol\u00f3gicos e n\u00e3o conseguiram evitar sua morte.<\/p>\n\n\n\n<blockquote class=\"wp-block-quote is-layout-flow wp-block-quote-is-layout-flow\">\n<p class=\"wp-block-paragraph\">No dia do vel\u00f3rio, cart\u00f5es decorados com fitas amarelas foram colocados em uma cesta e tinham a mensagem &#8220;Se voc\u00ea precisar, pe\u00e7a ajuda&#8221;. A iniciativa deu origem ao movimento importante de preven\u00e7\u00e3o ao suic\u00eddio, pois os cart\u00f5es chegaram \u00e0s m\u00e3os de pessoas que precisavam de ajuda.<\/p>\n<\/blockquote>\n\n\n\n<p class=\"wp-block-paragraph\">Em 2003, a Organiza\u00e7\u00e3o Mundial da Sa\u00fade (OMS) instituiu o dia 10 de setembro para ser o Dia Mundial da Preven\u00e7\u00e3o do Suic\u00eddio. E o amarelo do Mustang de Mike foi a cor escolhida para representar essa campanha, simbolizada pelo la\u00e7o amarelo.<\/p>\n\n\n\n<p class=\"wp-block-paragraph\">Em entrevista exclusiva ao <em><strong>G1<\/strong><\/em>, os pais de Mike contam que a dor da perda n\u00e3o tem fim para os que ficam, mas saber que o legado de Mike continua internacionalmente faz com que a paix\u00e3o por ajudar o m\u00e1ximo de pessoas poss\u00edvel tenha uma intensidade renovada.<\/p>\n\n\n\n<p class=\"wp-block-paragraph\">Dale e Dar Emme destacam que o&nbsp;<strong>programa Yellow Ribbon (La\u00e7o Amarelo) &#8211; que tem presen\u00e7a em 47 pa\u00edses &#8211; ensina aos alunos e adultos de confian\u00e7a ao redor deles que n\u00e3o h\u00e1 problema em pedir ajuda.<\/strong>&nbsp;Apesar de a preven\u00e7\u00e3o n\u00e3o poder ser provada, estima-se que 5 mil vidas tenham sido salvas diretamente pelo Yellow Ribbon ao longo dos anos, segundo eles.<\/p>\n\n\n\n<p class=\"wp-block-paragraph\">Eles contaram ainda que&nbsp;<strong>Mike era engra\u00e7ado, gostava de m\u00fasica<\/strong>, tocava trompete em tr\u00eas bandas da escola e, antes de morrer,&nbsp;<strong>estava prestes a atingir sua &#8220;faixa preta&#8221; em TaeKwonDo<\/strong>. Trinta anos depois, Dale e Dar Emme ainda moram em Westminster, Colorado.<\/p>\n\n\n\n<blockquote class=\"wp-block-quote is-layout-flow wp-block-quote-is-layout-flow\">\n<p class=\"wp-block-paragraph\"><strong>A experi\u00eancia principal que eles costumam compartilhar com outros sobreviventes \u2013 que perderam parentes pelo suic\u00eddio \u2013 \u00e9 viver um dia de cada vez e ser gentil consigo mesmo. \u201cN\u00e3o deixe a culpa tomar conta\u201d, afirmam.<\/strong><\/p>\n<\/blockquote>\n\n\n\n<p class=\"wp-block-paragraph\"><strong><em>Confira a entrevista completa abaixo:<\/em><\/strong><\/p>\n\n\n\n<p class=\"wp-block-paragraph\"><strong>1 &#8211; Trinta anos depois da partida do seu filho, a import\u00e2ncia internacional da campanha ajuda a dar novos sentidos para a perda? Como voc\u00eas avaliam esse legado?<\/strong><\/p>\n\n\n\n<p class=\"wp-block-paragraph\">A dor da perda para os sobreviventes n\u00e3o tem fim. Depois de 30 anos, ainda d\u00f3i, mas saber que o legado de Mike continua traz uma intensidade renovada \u00e0 nossa paix\u00e3o por ajudar o m\u00e1ximo de pessoas poss\u00edvel. O legado de Mike ser\u00e1 avaliado pelo volume de ajuda gerado, pelo n\u00famero de vidas salvas (e mudadas) e pelo grande volume de pessoas que buscam ajuda por meio do Yellow Ribbon Program.<\/p>\n\n\n\n<p class=\"wp-block-paragraph\"><strong>2 &#8211; Como \u00e9 o programa Yellow Ribbon hoje? Quantos pa\u00edses abrange e como funciona?<\/strong><\/p>\n\n\n\n<p class=\"wp-block-paragraph\">O Programa Yellow Ribbon \u00e9 um esfor\u00e7o popular que ensina os alunos e os adultos de confian\u00e7a ao redor deles que &#8220;<strong>n\u00e3o tem problema pedir ajuda!<\/strong>&#8220;, n\u00e3o importa o que os esteja machucando. Ele tamb\u00e9m compartilha o protocolo &#8220;Be-A-Link!&#8221;m que ensina a todas as pessoas que se algu\u00e9m vier at\u00e9 voc\u00ea em necessidade ou em risco, sua resposta deve ser:<strong>&nbsp;ficar, ouvir e obter ajuda imediatamente<\/strong>, a menos que haja risco de dano para voc\u00ea. Voc\u00ea pode salvar uma vida apenas estando l\u00e1.<\/p>\n\n\n\n<p class=\"wp-block-paragraph\">O (conte\u00fado formativo do) Yellow Ribbon \u00e9 usado e treinado em 47 pa\u00edses. Alguns demoram mais para crescer, mas outros t\u00eam uma presen\u00e7a muito ativa em escolas, igrejas, ag\u00eancias comunit\u00e1rias, grupos de jovens e com o p\u00fablico em geral.<\/p>\n\n\n\n<p class=\"wp-block-paragraph\">O programa funciona primeiro treinando os professores e funcion\u00e1rios em escolas locais sobre preven\u00e7\u00e3o ao suic\u00eddio, como observar sinais de alerta e compartilhar recursos locais para ajuda (como a sa\u00fade mental local).<\/p>\n\n\n\n<p class=\"wp-block-paragraph\">O protocolo Yellow Ribbon \u201cAsk4 Help\u201d (nos cart\u00f5es \u201cAsk4Help\u201d \u2013 Pe\u00e7a Ajuda) \u00e9 ent\u00e3o compartilhado com jovens de todas as idades, para que eles saibam que est\u00e1 tudo bem em pedir ajuda e a quem recorrer e ouvir em um momento de crise.<\/p>\n\n\n\n<p class=\"wp-block-paragraph\">Com o entendimento b\u00e1sico de que \u00e9 importante&nbsp;<strong><em>Ficar, Ouvir e Obter Ajuda imediatamente<\/em><\/strong>, mais pessoas s\u00e3o treinadas para cuidar daqueles que precisam de ajuda. O treinamento \u00e9 fornecido a pais, profissionais de sa\u00fade mental, socorristas, l\u00edderes jovens, igrejas e a comunidade.<\/p>\n\n\n\n<p class=\"wp-block-paragraph\"><strong>3 &#8211; Qual \u00e9 a hist\u00f3ria que deu origem \u00e0 homenagem com a cor do carro? Como come\u00e7ou essa rela\u00e7\u00e3o entre o carro, a cor e a campanha?<\/strong><\/p>\n\n\n\n<p class=\"wp-block-paragraph\">Em termos bem simples, Mike havia reconstru\u00eddo v\u00e1rios Mustangs antigos e era conhecido por ajudar amigos, dando-lhes carona para a escola, para o trabalho, para onde quer que precisassem. Ele era conhecido por muitos como Mustang Mike ou Big Mike.<\/p>\n\n\n\n<p class=\"wp-block-paragraph\">Quando Mike morreu, ele dirigia um Ford Mustang 1968 que ele pintou de amarelo brilhante. Ele era conhecido por aquele carro e pelas coisas boas que fez com ele para ajudar seus amigos. Ent\u00e3o, quando Mike morreu, amigos e colegas de classe come\u00e7aram a prender peda\u00e7os de fitas amarelas em seus cabelos, chap\u00e9us, camisas e bolsas em homenagem e mem\u00f3ria de Mike.<\/p>\n\n\n\n<p class=\"wp-block-paragraph\">O carro ainda est\u00e1 na fam\u00edlia, mas est\u00e1 sendo atualizado e reconstru\u00eddo.<\/p>\n\n\n\n<p class=\"wp-block-paragraph\"><strong>4 &#8211; O que mais podem nos contar sobre Mike?<\/strong><\/p>\n\n\n\n<p class=\"wp-block-paragraph\">Mike tinha 17 anos, era engra\u00e7ado, se importava com os outros, tocava trompete em tr\u00eas bandas da escola, estava prestes a atingir sua &#8220;faixa preta&#8221; em TaeKwonDo e adorava trabalhar em Mustangs. Ele gostava de colocar os carros para voltar a funcionar, correr bem e ent\u00e3o poder vend\u00ea-los para algu\u00e9m que quisesse repovoar o mundo com bons carros, para que ele tivesse dinheiro suficiente para comprar outro carro em mau estado e reconstru\u00ed-lo como os anteriores.<\/p>\n\n\n\n<p class=\"wp-block-paragraph\">Ent\u00e3o ele gostava de m\u00fasica, amigos, &#8220;malhar&#8221; e carros (Mustangs). Ele tinha um talento especial para fazer as pessoas se sentirem melhor e podia comer uma caixa inteira de cereal s\u00f3 de lanche.<\/p>\n\n\n\n<p class=\"wp-block-paragraph\"><strong>5 &#8211; Qual o principal feito do programa Yellow Ribhon nestes 30 anos? Como voc\u00eas conciliaram as atividades no programa com a vida profissional?<\/strong><\/p>\n\n\n\n<p class=\"wp-block-paragraph\">A principal conquista seria ajudar a apagar o estigma em torno do suic\u00eddio e salvar vidas. Embora se diga que a preven\u00e7\u00e3o n\u00e3o pode ser provada, ou que n\u00e3o h\u00e1 uma maneira verdadeira de provar se uma vida foi salva do suic\u00eddio, uma pesquisa diz que no m\u00ednimo de 5 mil vidas tenham sido salvas diretamente pelo Yellow Ribbon ao longo dos anos.<\/p>\n\n\n\n<p class=\"wp-block-paragraph\">\u00c0 medida que o programa come\u00e7ou a crescer, ele se transformou e foi preciso mais tempo para viajar para diferentes locais e ajudar comunidades. E isso simplesmente se tornou mais importante do que nossas carreiras anteriores (o pai de Mike era padeiro profissional e, a m\u00e3e, era dona de uma livraria). Era mais importante alcan\u00e7ar os jovens e salvar vidas.<\/p>\n\n\n\n<p class=\"wp-block-paragraph\"><strong>6 &#8211; Qual a experi\u00eancia principal que voc\u00eas costumam compartilhar com outros sobreviventes?<\/strong><\/p>\n\n\n\n<blockquote class=\"wp-block-quote is-layout-flow wp-block-quote-is-layout-flow\">\n<p class=\"wp-block-paragraph\">Para viver um dia de cada vez e ser gentil consigo mesmo. N\u00e3o deixe a culpa tomar conta. Tente se lembrar das coisas boas sobre o ente querido.<\/p>\n<\/blockquote>\n\n\n\n<p class=\"wp-block-paragraph\">Al\u00e9m disso,&nbsp;<strong>n\u00e3o existe uma &#8220;maneira certa&#8221; de sofrer,<\/strong>&nbsp;nem h\u00e1 um cronograma sobre quando voltar ao trabalho ou a qualquer uma de suas atividades regulares. \u00c9 diferente para cada pessoa, cada casal. Cada um encontra um novo &#8220;normal&#8221; sobre muitas coisas em sua vida.<\/p>\n\n\n\n<p class=\"wp-block-paragraph\">Se voc\u00ea puder, ou quando puder, participe de um grupo de apoio a sobreviventes de suic\u00eddio ou converse com algu\u00e9m profissionalmente para ajudar a obter as &#8220;ferramentas&#8221; certas para ajudar. Voc\u00ea nunca supera a perda de seu ente querido.<\/p>\n\n\n\n<p class=\"wp-block-paragraph\">Voc\u00ea supera a intensidade, mas leva tempo. Se voc\u00ea chorar &#8220;sem motivo&#8221;, tudo bem, porque voc\u00ea est\u00e1 sofrendo. Mas tamb\u00e9m, n\u00e3o se sinta culpado se voc\u00ea se encontrar feliz \u00e0s vezes. N\u00e3o h\u00e1 nada de errado em lembrar dos bons momentos que voc\u00ea teve e rir deles.<\/p>\n\n\n\n<p class=\"wp-block-paragraph\"><strong>7 &#8211; Como seguir em frente depois da perda e ressignificar a vida?<\/strong><\/p>\n\n\n\n<p class=\"wp-block-paragraph\">Primeiro, reserve um tempo para se curar no seu pr\u00f3prio ritmo. N\u00e3o h\u00e1 cronograma.<\/p>\n\n\n\n<p class=\"wp-block-paragraph\">Encontramos um novo significado em nossas vidas por meio do Programa Yellow Ribbon e da necessidade de ajudar outras pessoas e comunidades a n\u00e3o vivenciarem outra perda por suic\u00eddio.<\/p>\n\n\n\n<blockquote class=\"wp-block-quote is-layout-flow wp-block-quote-is-layout-flow\">\n<p class=\"wp-block-paragraph\">Fazer algo em mem\u00f3ria de Mike nos permitiu ajudar a n\u00f3s mesmos enquanto ajudamos outros sobreviventes como n\u00f3s a encontrar seus &#8220;pr\u00f3ximos passos&#8221;. Por favor, tome cuidado, fique seguro!<\/p>\n<\/blockquote>\n\n\n\n<p class=\"wp-block-paragraph\">Sentimos que estamos, de muitas maneiras, ajudando Mike a cumprir sua miss\u00e3o nesta vida.<\/p>\n\n\n\n<h2 class=\"wp-block-heading\">Se pensar em suic\u00eddio busque ajuda<\/h2>\n\n\n\n<p class=\"wp-block-paragraph\">Se voc\u00ea estiver com s\u00e9rios problemas e chegar a considerar o suic\u00eddio, pode procurar ajuda entrando em contato com o Centro de Valoriza\u00e7\u00e3o \u00e1 Vida (CVV). Esse \u00e9 um projeto que fornece apoio emocional e preven\u00e7\u00e3o do suic\u00eddio. Atrav\u00e9s de telefone, e-mail e chat 24 horas todos os dias da semana, eles atendem de forma volunt\u00e1ria e gratuita todos que precisam conversar. O servi\u00e7o \u00e9 totalmente sigiloso<em>.<strong> (G1)<\/strong><\/em><\/p>\n\n\n\n<p class=\"wp-block-paragraph\"><\/p>\n","protected":false},"excerpt":{"rendered":"<p>Pais de Mike Emme contam como lidaram com o suic\u00eddio do filho, em 1994, aos&hellip;<\/p>\n","protected":false},"author":2,"featured_media":17359,"comment_status":"open","ping_status":"open","sticky":false,"template":"","format":"standard","meta":{"footnotes":""},"categories":[74,25],"tags":[],"class_list":["post-17358","post","type-post","status-publish","format-standard","has-post-thumbnail","hentry","category-comportamento","category-saude"],"_links":{"self":[{"href":"https:\/\/atitudenoticias.com.br\/index.php?rest_route=\/wp\/v2\/posts\/17358","targetHints":{"allow":["GET"]}}],"collection":[{"href":"https:\/\/atitudenoticias.com.br\/index.php?rest_route=\/wp\/v2\/posts"}],"about":[{"href":"https:\/\/atitudenoticias.com.br\/index.php?rest_route=\/wp\/v2\/types\/post"}],"author":[{"embeddable":true,"href":"https:\/\/atitudenoticias.com.br\/index.php?rest_route=\/wp\/v2\/users\/2"}],"replies":[{"embeddable":true,"href":"https:\/\/atitudenoticias.com.br\/index.php?rest_route=%2Fwp%2Fv2%2Fcomments&post=17358"}],"version-history":[{"count":1,"href":"https:\/\/atitudenoticias.com.br\/index.php?rest_route=\/wp\/v2\/posts\/17358\/revisions"}],"predecessor-version":[{"id":17360,"href":"https:\/\/atitudenoticias.com.br\/index.php?rest_route=\/wp\/v2\/posts\/17358\/revisions\/17360"}],"wp:featuredmedia":[{"embeddable":true,"href":"https:\/\/atitudenoticias.com.br\/index.php?rest_route=\/wp\/v2\/media\/17359"}],"wp:attachment":[{"href":"https:\/\/atitudenoticias.com.br\/index.php?rest_route=%2Fwp%2Fv2%2Fmedia&parent=17358"}],"wp:term":[{"taxonomy":"category","embeddable":true,"href":"https:\/\/atitudenoticias.com.br\/index.php?rest_route=%2Fwp%2Fv2%2Fcategories&post=17358"},{"taxonomy":"post_tag","embeddable":true,"href":"https:\/\/atitudenoticias.com.br\/index.php?rest_route=%2Fwp%2Fv2%2Ftags&post=17358"}],"curies":[{"name":"wp","href":"https:\/\/api.w.org\/{rel}","templated":true}]}}