{"id":17390,"date":"2024-09-11T14:32:34","date_gmt":"2024-09-11T17:32:34","guid":{"rendered":"http:\/\/atitudenoticias.com.br\/?p=17390"},"modified":"2024-09-12T14:39:38","modified_gmt":"2024-09-12T17:39:38","slug":"11-de-setembro-paralisacao-docente-de-24h-na-uneb-uefs-uesc-e-uesb","status":"publish","type":"post","link":"https:\/\/atitudenoticias.com.br\/?p=17390","title":{"rendered":"11 de setembro: Paralisa\u00e7\u00e3o Docente de 24h na UNEB, UEFS, UESC e UESB"},"content":{"rendered":"\n<p class=\"has-text-align-center\"><em><strong>A avalia\u00e7\u00e3o das diretorias das Associa\u00e7\u00f5es Docentes \u00e9 que ter greve ou n\u00e3o depende do governador. \u201cCom as propostas colocadas em mesa at\u00e9 agora o que est\u00e1 posto \u00e9 que o governador est\u00e1 nos empurrando para a greve&#8221;.<\/strong><\/em><\/p>\n\n\n\n<p>Nesta quarta-feira, dia 11 de setembro, docentes das Universidades Estaduais Baianas paralisar\u00e3o as suas atividades em todo territ\u00f3rio baiano com um ato unificado em Salvador. A concentra\u00e7\u00e3o da manifesta\u00e7\u00e3o ser\u00e1 no Campus I da Universidade do Estado da Bahia \u2013 UNEB, no Cabula, a partir das 6h30.&nbsp; Aprovada nas assembleias das universidades, a paralisa\u00e7\u00e3o \u00e9 parte da luta da categoria por um plano de recomposi\u00e7\u00e3o salarial, uma das pautas que est\u00e1 em discuss\u00e3o com o governo do estado. A negocia\u00e7\u00e3o sobre o reajuste j\u00e1 se encontra no quarto ciclo de discuss\u00e3o e, durante a paralisa\u00e7\u00e3o, a partir das 15h, ocorrer\u00e1 uma nova reuni\u00e3o do F\u00f3rum das Associa\u00e7\u00f5es Docentes (FAD) com o governo na Secretaria de Educa\u00e7\u00e3o (SEC). J\u00e1 est\u00e1 tamb\u00e9m previsto no calend\u00e1rio de mobiliza\u00e7\u00e3o do movimento docente a realiza\u00e7\u00e3o de assembleias no dia 16 de setembro para a discuss\u00e3o sobre deflagra\u00e7\u00e3o de greve.<\/p>\n\n\n\n<p><strong>Hist\u00f3rico do impasse<\/strong><\/p>\n\n\n\n<p>Desde o m\u00eas de abril, as Associa\u00e7\u00f5es Docentes tentam negociar com o governo um plano de recomposi\u00e7\u00e3o salarial. O governo s\u00f3 cedeu \u00e0 mesa de negocia\u00e7\u00e3o ap\u00f3s a decis\u00e3o das assembleias docentes pelo indicativo de greve, aprovado em junho. A proposta de reajuste salarial do movimento docente \u00e9 de tr\u00eas reajustes de 5,5%, nos meses de janeiro\/2025, janeiro\/2026 e dezembro\/2026, respectivamente, totalizando 17,42% em dois anos (2025 e 2026), com respeito \u00e0 data-base em janeiro.&nbsp;&nbsp;<\/p>\n\n\n\n<p>A proposi\u00e7\u00e3o dos professores \u00e9 fruto das discuss\u00f5es em assembleias e considera as previs\u00f5es de infla\u00e7\u00e3o para 2024 e 2025 do Boletim Focus, correspondendo a um ganho real, acima de infla\u00e7\u00e3o, de 4,1% ao ano, com respeito a data-base de janeiro. De acordo com o Departamento Intersindical de Estat\u00edstica e Estudos Socioecon\u00f4micos (DIEESE), docentes das universidades estaduais acumulam uma perda salarial de 35% desde 2015.&nbsp;<\/p>\n\n\n\n<p><a href=\"https:\/\/www.forumdasadsba.org\/upload\/anexos_noticias\/f7777884ce82069de12654c53e594552.pdf\" target=\"_blank\" rel=\"noreferrer noopener\"><u>Confira o documento com a proposta do movimento docente na \u00edntegra.<\/u><\/a><\/p>\n\n\n\n<p>As \u00faltimas rodadas de assembleias foram marcadas pelo recha\u00e7o da categoria a todas as propostas de reajuste do governo por consider\u00e1-las insuficientes. A nova atualiza\u00e7\u00e3o da proposta do governo para o movimento docente consistiu em tr\u00eas parcelas de reajuste salarial de 5,7%, nos meses de janeiro\/2025, janeiro\/2026 e dezembro\/2026, respectivamente, como acordo salarial para os anos de 2025, 2026 e 2027, o que significa um ganho real de apenas 1,15% ao ano. Isso soma, de acordo com os c\u00e1lculos do movimento docente, ganho real somente de 3,5% em tr\u00eas anos, caso as infla\u00e7\u00f5es de 2024, 2025 e 2026 fiquem na refer\u00eancia do atual teto da meta inflacion\u00e1ria do Banco Central. Ainda de acordo com os c\u00e1lculos do movimento docente, se a infla\u00e7\u00e3o dos anos de 2024 a 2026 ficar dentro das previs\u00f5es do \u00faltimo Boletim Focus, a nova proposta representa apenas 5,2% de ganho real entre 2025 e 2027, ou seja, 1,7% ao ano de ganho real.&nbsp;<\/p>\n\n\n\n<p>\u201cO nosso hist\u00f3rico \u00e9 de muitas perdas e, na disposi\u00e7\u00e3o de negociar, j\u00e1 flexibilizamos e muito a nossa proposta de \u00edndice de reajuste salarial, principalmente se considerarmos todo o cen\u00e1rio e n\u00fameros levantados pelo DIESSE. Mas o que est\u00e1 sendo imposto pelo governo \u00e0 nossa categoria s\u00e3o condicionantes que nos desrespeitam e desvalorizam.\u201d explicou Marcelo Lins, presidente da Adusc e Coordenador do F\u00f3rum das Associa\u00e7\u00f5es Docentes das Universidades Estaduais da Bahia.<\/p>\n\n\n\n<p><strong>Vai ter greve?<\/strong><\/p>\n\n\n\n<p>A avalia\u00e7\u00e3o das diretorias das Associa\u00e7\u00f5es Docentes \u00e9 que ter greve ou n\u00e3o depende do governador. \u201cCom as propostas colocadas em mesa at\u00e9 agora o que est\u00e1 posto \u00e9 que o governador est\u00e1 nos empurrando para a greve. Queremos uma proposta razo\u00e1vel. Esperamos avan\u00e7ar no dia 11 de setembro, mas as nossas assembleias j\u00e1 debater\u00e3o no dia 16 de setembro a pauta da deflagra\u00e7\u00e3o da greve. As assembleias que definir\u00e3o os pr\u00f3ximos passos acontecer\u00e3o no mesmo dia em todas as universidades estaduais baianas\u201d, reafirmou Lins.<\/p>\n\n\n\n<p>Atualmente as Associa\u00e7\u00f5es Docentes est\u00e3o com campanha unificada \u201cE a\u00ed, governador Jer\u00f4nimo, vai ter greve?\u201d com outdoors e materiais explicativos que dialogam com os p\u00fablicos internos das universidades e a sociedade baiana sobre o impasse da negocia\u00e7\u00e3o. A paralisa\u00e7\u00e3o e mobiliza\u00e7\u00e3o do dia 11 de setembro s\u00e3o convocadas pelo F\u00f3rum das Associa\u00e7\u00f5es Docentes (F\u00f3rum das ADs), inst\u00e2ncia que re\u00fane os quatro sindicatos de professoras das Universidades Estaduais Baianas \u2013 ADUSB, ADUNEB, ADUFS e ADUSC.<\/p>\n\n\n\n<p>Confira as informa\u00e7\u00f5es de local e hor\u00e1rio das rodadas de assembleias docentes que discutir\u00e3o a deflagra\u00e7\u00e3o da greve na pr\u00f3xima segunda-feira, dia 16 de setembro.<\/p>\n\n\n\n<p>UEFS: Audit\u00f3rio 2 (M\u00f3dulo 1) \u00e0s 16h45<\/p>\n\n\n\n<p>UNEB: Audit\u00f3rio da ADUNEB \u2013 Campus Salvador \u00e0s 16h40<\/p>\n\n\n\n<p>UESC: C\u00c9U (T\u00e9rreo do Pav. Adonias Filho) \u00e0s 9h<\/p>\n\n\n\n<p>UESB: Audit\u00f3rio da ADUSB \u2013 Campus Vit\u00f3ria da Conquista \u00e0s 16h30<\/p>\n","protected":false},"excerpt":{"rendered":"<p>A avalia\u00e7\u00e3o das diretorias das Associa\u00e7\u00f5es Docentes \u00e9 que ter greve ou n\u00e3o depende do&hellip;<\/p>\n","protected":false},"author":2,"featured_media":11904,"comment_status":"open","ping_status":"open","sticky":false,"template":"","format":"standard","meta":{"footnotes":""},"categories":[22,72],"tags":[],"class_list":["post-17390","post","type-post","status-publish","format-standard","has-post-thumbnail","hentry","category-bahia","category-educacao"],"_links":{"self":[{"href":"https:\/\/atitudenoticias.com.br\/index.php?rest_route=\/wp\/v2\/posts\/17390","targetHints":{"allow":["GET"]}}],"collection":[{"href":"https:\/\/atitudenoticias.com.br\/index.php?rest_route=\/wp\/v2\/posts"}],"about":[{"href":"https:\/\/atitudenoticias.com.br\/index.php?rest_route=\/wp\/v2\/types\/post"}],"author":[{"embeddable":true,"href":"https:\/\/atitudenoticias.com.br\/index.php?rest_route=\/wp\/v2\/users\/2"}],"replies":[{"embeddable":true,"href":"https:\/\/atitudenoticias.com.br\/index.php?rest_route=%2Fwp%2Fv2%2Fcomments&post=17390"}],"version-history":[{"count":1,"href":"https:\/\/atitudenoticias.com.br\/index.php?rest_route=\/wp\/v2\/posts\/17390\/revisions"}],"predecessor-version":[{"id":17391,"href":"https:\/\/atitudenoticias.com.br\/index.php?rest_route=\/wp\/v2\/posts\/17390\/revisions\/17391"}],"wp:featuredmedia":[{"embeddable":true,"href":"https:\/\/atitudenoticias.com.br\/index.php?rest_route=\/wp\/v2\/media\/11904"}],"wp:attachment":[{"href":"https:\/\/atitudenoticias.com.br\/index.php?rest_route=%2Fwp%2Fv2%2Fmedia&parent=17390"}],"wp:term":[{"taxonomy":"category","embeddable":true,"href":"https:\/\/atitudenoticias.com.br\/index.php?rest_route=%2Fwp%2Fv2%2Fcategories&post=17390"},{"taxonomy":"post_tag","embeddable":true,"href":"https:\/\/atitudenoticias.com.br\/index.php?rest_route=%2Fwp%2Fv2%2Ftags&post=17390"}],"curies":[{"name":"wp","href":"https:\/\/api.w.org\/{rel}","templated":true}]}}