{"id":17521,"date":"2024-09-19T17:08:11","date_gmt":"2024-09-19T20:08:11","guid":{"rendered":"http:\/\/atitudenoticias.com.br\/?p=17521"},"modified":"2024-09-19T17:08:11","modified_gmt":"2024-09-19T20:08:11","slug":"prefeitura-de-feira-investiu-mais-de-r-18-bilhao-em-saude-publica-nos-ultimos-quatro-anos","status":"publish","type":"post","link":"https:\/\/atitudenoticias.com.br\/?p=17521","title":{"rendered":"Prefeitura de Feira investiu mais de R$ 1,8 bilh\u00e3o em sa\u00fade p\u00fablica nos \u00faltimos quatro anos"},"content":{"rendered":"\n<p class=\"has-text-align-center\"><em><strong>Sendo que apenas este ano j\u00e1 foram alocados 527 milh\u00f5es de reais para a amplia\u00e7\u00e3o, moderniza\u00e7\u00e3o e melhorias na rede de sa\u00fade<\/strong><\/em><\/p>\n\n\n\n<p>Os investimentos da Prefeitura de Feira de Santana na sa\u00fade p\u00fablica municipal nos \u00faltimos quatro anos foram destaque da coletiva de imprensa virtual realizada na manh\u00e3 desta quinta-feira (19). O prefeito Colbert Martins Filho, a secret\u00e1ria de Sa\u00fade, Cristiane Campos, a presidente da Funda\u00e7\u00e3o Hospitalar, Gilberte Lucas, e coordenadores da pasta participaram do evento, onde foram apresentados dados que evidenciam os avan\u00e7os no setor.<\/p>\n\n\n\n<p>De acordo com o balan\u00e7o apresentado, a Prefeitura investiu cerca de R$ 1,8 bilh\u00f5es na sa\u00fade municipal, sendo que apenas este ano j\u00e1 foram alocados 527 milh\u00f5es de reais para a amplia\u00e7\u00e3o, moderniza\u00e7\u00e3o e melhorias na rede de sa\u00fade.<\/p>\n\n\n\n<p>Na avalia\u00e7\u00e3o do prefeito Colbert Martins Filho, os investimentos refletem o compromisso da gest\u00e3o com a sa\u00fade da popula\u00e7\u00e3o.&nbsp;<em>&#8220;Nossa prioridade sempre foi oferecer um atendimento de qualidade e humanizado. Esses recursos est\u00e3o sendo direcionados para ampliar a infraestrutura, modernizar equipamentos e garantir que cada cidad\u00e3o tenha acesso aos cuidados necess\u00e1rios&#8221;<\/em>, destacou.<\/p>\n\n\n\n<p>A Aten\u00e7\u00e3o Prim\u00e1ria de Sa\u00fade, respons\u00e1vel por prevenir, diagnosticar e tratar doen\u00e7as em suas fases iniciais, foi um dos pilares desse progresso, contabilizando mais de 490 mil atendimentos apenas de janeiro at\u00e9 13 de setembro deste ano.&nbsp;<\/p>\n\n\n\n<blockquote class=\"wp-block-quote is-layout-flow wp-block-quote-is-layout-flow\">\n<p>&#8220;Ampliamos os servi\u00e7os e as especialidades, especialmente para atender diab\u00e9ticos e idosos, que s\u00e3o dois grupos com grande demanda. Isso \u00e9 reflexo de uma gest\u00e3o focada em resultados e na sa\u00fade preventiva&#8221;, afirmou a secret\u00e1ria Cristiane Campos.<\/p>\n<\/blockquote>\n\n\n\n<p>As duas Unidades de Pronto Atendimento (UPAs) e as sete policl\u00ednicas municipais tamb\u00e9m s\u00e3o destaques, somando mais de 2,2 milh\u00f5es de atendimentos de urg\u00eancia e emerg\u00eancia neste ano. Contudo, as UPAs e policl\u00ednicas t\u00eam enfrentado desafios devido ao alto n\u00famero de pacientes aguardando transfer\u00eancia para unidades hospitalares, processo regulado pelo Governo do Estado.&nbsp;<\/p>\n\n\n\n<p><strong>BALAN\u00c7O<\/strong><\/p>\n\n\n\n<p><strong>Campanha de Vacina\u00e7\u00e3o<\/strong><\/p>\n\n\n\n<ul class=\"wp-block-list\">\n<li>Em 2024, mais de 300 mil pessoas foram vacinadas contra diversas doen\u00e7as em Feira de Santana.<\/li>\n\n\n\n<li>Nos \u00faltimos quatro anos, o n\u00famero total de vacinados ultrapassou a marca de 2 milh\u00f5es.<\/li>\n\n\n\n<li>A Prefeitura tem intensificado as campanhas de vacina\u00e7\u00e3o para garantir a cobertura vacinal da popula\u00e7\u00e3o, especialmente em campanhas sazonais e de imuniza\u00e7\u00e3o de crian\u00e7as, idosos e grupos de risco.<\/li>\n<\/ul>\n\n\n\n<p>Combate \u00e0 Dengue<\/p>\n\n\n\n<ul class=\"wp-block-list\">\n<li>Feira de Santana registrou uma redu\u00e7\u00e3o de 92% nos casos de dengue em agosto de 2024.<\/li>\n\n\n\n<li>A Prefeitura intensificou as a\u00e7\u00f5es de combate ao mosquito Aedes aegypti, com a implanta\u00e7\u00e3o das motos fumac\u00ea nas \u00e1reas mais cr\u00edticas.<\/li>\n<\/ul>\n\n\n\n<p><strong>Moderniza\u00e7\u00e3o com Feira Conectada<\/strong><\/p>\n\n\n\n<ul class=\"wp-block-list\">\n<li>O aplicativo Feira Conectada facilita o agendamento de consultas, exames e emiss\u00e3o do cart\u00e3o SUS.<\/li>\n\n\n\n<li>Mais de 314 mil marca\u00e7\u00f5es foram realizadas em 2024, otimizando o acesso dos usu\u00e1rios aos servi\u00e7os especializados de sa\u00fade.<\/li>\n<\/ul>\n\n\n\n<p><strong>Distribui\u00e7\u00e3o de Medicamentos<\/strong><\/p>\n\n\n\n<ul class=\"wp-block-list\">\n<li>A Central de Abastecimento Farmac\u00eautica (CAF) distribuiu mais de 16 milh\u00f5es de unidades de medicamentos neste ano.<\/li>\n\n\n\n<li>Os medicamentos beneficiaram pacientes com diabetes, hipertens\u00e3o, transtornos mentais e outros atendidos nas unidades de sa\u00fade municipais.<\/li>\n<\/ul>\n\n\n\n<p><strong><em>(SECOM\/PMFS)<\/em><\/strong><\/p>\n","protected":false},"excerpt":{"rendered":"<p>Sendo que apenas este ano j\u00e1 foram alocados 527 milh\u00f5es de reais para a amplia\u00e7\u00e3o,&hellip;<\/p>\n","protected":false},"author":2,"featured_media":17522,"comment_status":"open","ping_status":"open","sticky":false,"template":"","format":"standard","meta":{"footnotes":""},"categories":[58,25],"tags":[],"class_list":["post-17521","post","type-post","status-publish","format-standard","has-post-thumbnail","hentry","category-feira-de-santana","category-saude"],"_links":{"self":[{"href":"https:\/\/atitudenoticias.com.br\/index.php?rest_route=\/wp\/v2\/posts\/17521","targetHints":{"allow":["GET"]}}],"collection":[{"href":"https:\/\/atitudenoticias.com.br\/index.php?rest_route=\/wp\/v2\/posts"}],"about":[{"href":"https:\/\/atitudenoticias.com.br\/index.php?rest_route=\/wp\/v2\/types\/post"}],"author":[{"embeddable":true,"href":"https:\/\/atitudenoticias.com.br\/index.php?rest_route=\/wp\/v2\/users\/2"}],"replies":[{"embeddable":true,"href":"https:\/\/atitudenoticias.com.br\/index.php?rest_route=%2Fwp%2Fv2%2Fcomments&post=17521"}],"version-history":[{"count":1,"href":"https:\/\/atitudenoticias.com.br\/index.php?rest_route=\/wp\/v2\/posts\/17521\/revisions"}],"predecessor-version":[{"id":17523,"href":"https:\/\/atitudenoticias.com.br\/index.php?rest_route=\/wp\/v2\/posts\/17521\/revisions\/17523"}],"wp:featuredmedia":[{"embeddable":true,"href":"https:\/\/atitudenoticias.com.br\/index.php?rest_route=\/wp\/v2\/media\/17522"}],"wp:attachment":[{"href":"https:\/\/atitudenoticias.com.br\/index.php?rest_route=%2Fwp%2Fv2%2Fmedia&parent=17521"}],"wp:term":[{"taxonomy":"category","embeddable":true,"href":"https:\/\/atitudenoticias.com.br\/index.php?rest_route=%2Fwp%2Fv2%2Fcategories&post=17521"},{"taxonomy":"post_tag","embeddable":true,"href":"https:\/\/atitudenoticias.com.br\/index.php?rest_route=%2Fwp%2Fv2%2Ftags&post=17521"}],"curies":[{"name":"wp","href":"https:\/\/api.w.org\/{rel}","templated":true}]}}