{"id":17526,"date":"2024-09-19T17:38:38","date_gmt":"2024-09-19T20:38:38","guid":{"rendered":"http:\/\/atitudenoticias.com.br\/?p=17526"},"modified":"2024-09-19T17:38:38","modified_gmt":"2024-09-19T20:38:38","slug":"bahia-registra-1039-casos-de-febre-oropouche-em-setembro","status":"publish","type":"post","link":"https:\/\/atitudenoticias.com.br\/?p=17526","title":{"rendered":"Bahia registra 1039 casos de Febre Oropouche em setembro"},"content":{"rendered":"\n<p class=\"has-text-align-center\"><em><strong>Doen\u00e7a viral \u00e9 transmitida pelo inseto Culicoides paraensis, conhecido popularmente como maruim.<\/strong><\/em><\/p>\n\n\n\n<p>Subiu para 1039 o n\u00famero de casos confirmados da\u00a0<strong>Febre Oropouche\u00a0<\/strong>na Bahia. Conforme os dados atualizados na quarta-feira (18), Camamu, cidade localizada no baixo sul do estado, teve aumento nos registros.<\/p>\n\n\n\n<p>De acordo com a Secretaria de Sa\u00fade da Bahia (Sesab), a doen\u00e7a foi mapeada em 61 cidades baianas no m\u00eas de setembro, uma a mais dos \u00faltimos registros de agosto.<\/p>\n\n\n\n<p>O ranking de n\u00fameros de casos segue o mesmo de agosto: Ilh\u00e9us lidera a lista com 139 diagn\u00f3sticos positivos. Logo em seguida, est\u00e3o Camamu, com 118, e Gandu, com 82.<\/p>\n\n\n\n<p>\ud83d\udc49 A\u00a0<strong>Febre do Oropouche<\/strong>\u00a0\u00e9 uma doen\u00e7a viral transmitida pelo inseto Culicoides paraensis, conhecido popularmente como maruim ou mosquito-p\u00f3lvora. At\u00e9 o momento,\u00a0n\u00e3o h\u00e1 registros de transmiss\u00e3o direta entre pessoas.<\/p>\n\n\n\n<p>\ud83d\udc49 Os sintomas incluem febre, dor de cabe\u00e7a e dores musculares, semelhantes aos de outras arboviroses como a dengue e a chikungunya.<\/p>\n\n\n\n<p>\ud83d\udc49N\u00e3o existe tratamento espec\u00edfico para a\u00a0<strong>Febre do Oropouche<\/strong>, apenas medidas focadas no al\u00edvio dos sintomas.<\/p>\n\n\n\n<p>Com o aumento no n\u00famero de casos, a Secretaria da Sa\u00fade do Estado intensificou a\u00e7\u00f5es de investiga\u00e7\u00e3o nas regi\u00f5es em que houve registros. T\u00e9cnicos da Vigil\u00e2ncia Epidemiol\u00f3gica fazem captura do mosquito transmissor para identificar se est\u00e3o infectados e compreender melhor o cen\u00e1rio.<\/p>\n\n\n\n<p>Por meio de nota, a diretora da Vigil\u00e2ncia Epidemiol\u00f3gica do Estado, M\u00e1rcia S\u00e3o Pedro, disse que o poder p\u00fablico est\u00e1 em alerta desde o primeiro caso confirmado.<\/p>\n\n\n\n<blockquote class=\"wp-block-quote is-layout-flow wp-block-quote-is-layout-flow\">\n<p>\u201cToda vez que falamos em agravo de interesse a sa\u00fade p\u00fablica, um caso j\u00e1 \u00e9 um sinal de alerta para a vigil\u00e2ncia epidemiol\u00f3gica, mesmo que n\u00e3o haja um cen\u00e1rio de amea\u00e7a iminente\u201d, afirma.<\/p>\n<\/blockquote>\n\n\n\n<p>Ainda de acordo com M\u00e1rcia S\u00e3o Pedro, \u00e9 importante que as pessoas usem roupas compridas e fa\u00e7am uso de repelentes. \u201cRessaltamos tamb\u00e9m que n\u00e3o se deve deixar lixo e folhas acumulados, pois a exist\u00eancia destes materiais facilita a reprodu\u00e7\u00e3o do vetor\u201d, afirma. Ela destaca que, ao aparecer sintomas, deve-se buscar uma unidade de sa\u00fade.<\/p>\n\n\n\n<h2 class=\"wp-block-heading\"><strong>Minist\u00e9rio da Sa\u00fade confirma mortes por febre oropouche na Bahia<\/strong><\/h2>\n\n\n\n<p>As duas mortes por Febre do Oropouche ocorridas na Bahia neste ano foram as primeiras registradas em todo o mundo. A informa\u00e7\u00e3o foi confirmada pelo Minist\u00e9rio da Sa\u00fade no dia 25 de julho. Conforme o \u00f3rg\u00e3o, &#8220;at\u00e9 o momento, n\u00e3o havia relato na literatura cient\u00edfica mundial sobre a ocorr\u00eancia de \u00f3bito pela doen\u00e7a&#8221;.<\/p>\n\n\n\n<p>As mortes j\u00e1 tinham sido divulgadas pela Secretaria da Sa\u00fade da Bahia (Sesab), que fez as investiga\u00e7\u00f5es. O Minist\u00e9rio destacou que as v\u00edtimas s\u00e3o mulheres, moradoras do interior, com menos de 30 anos, sem comorbidades, que tiveram sinais e sintomas semelhantes a um quadro de dengue grave.<\/p>\n\n\n\n<p>De acordo com a Sesab, os dois \u00f3bitos primeira morte por Febre do Oropouche no estado ocorreram na regi\u00e3o do baixo sul. O primeiro foi registrado no dia 17 de junho. A paciente tinha 24 anos, morava em Valen\u00e7a, e a morte aconteceu no m\u00eas de mar\u00e7o.<\/p>\n\n\n\n<p>No dia 22 de julho, foi registrada a segunda morte. A paciente tinha 21 anos. O \u00f3bito aconteceu em maio deste ano, mas s\u00f3 foi divulgado depois porque, assim como no primeiro caso, diversos exames precisaram ser feitos para que a causa fosse confirmada.<\/p>\n\n\n\n<p>A Sesab detalhou que as mulheres foram internadas com febre alta, dor de cabe\u00e7a, n\u00e1useas, v\u00f4mito, diarreia, dores em membros inferiores, dor retroorbital, dores musculares, al\u00e9m de fraqueza, falta de energia e cansa\u00e7o.<\/p>\n\n\n\n<p>Os sintomas evolu\u00edram com sinais mais graves, como sangramentos nasal, gengival e vaginal, hipotens\u00e3o, queda brusca de hemoglobina e plaquetas at\u00e9 o \u00f3bito <em><strong>(G1)<\/strong><\/em><\/p>\n","protected":false},"excerpt":{"rendered":"<p>Doen\u00e7a viral \u00e9 transmitida pelo inseto Culicoides paraensis, conhecido popularmente como maruim. Subiu para 1039&hellip;<\/p>\n","protected":false},"author":2,"featured_media":11230,"comment_status":"open","ping_status":"open","sticky":false,"template":"","format":"standard","meta":{"footnotes":""},"categories":[22,25],"tags":[],"class_list":["post-17526","post","type-post","status-publish","format-standard","has-post-thumbnail","hentry","category-bahia","category-saude"],"_links":{"self":[{"href":"https:\/\/atitudenoticias.com.br\/index.php?rest_route=\/wp\/v2\/posts\/17526","targetHints":{"allow":["GET"]}}],"collection":[{"href":"https:\/\/atitudenoticias.com.br\/index.php?rest_route=\/wp\/v2\/posts"}],"about":[{"href":"https:\/\/atitudenoticias.com.br\/index.php?rest_route=\/wp\/v2\/types\/post"}],"author":[{"embeddable":true,"href":"https:\/\/atitudenoticias.com.br\/index.php?rest_route=\/wp\/v2\/users\/2"}],"replies":[{"embeddable":true,"href":"https:\/\/atitudenoticias.com.br\/index.php?rest_route=%2Fwp%2Fv2%2Fcomments&post=17526"}],"version-history":[{"count":1,"href":"https:\/\/atitudenoticias.com.br\/index.php?rest_route=\/wp\/v2\/posts\/17526\/revisions"}],"predecessor-version":[{"id":17527,"href":"https:\/\/atitudenoticias.com.br\/index.php?rest_route=\/wp\/v2\/posts\/17526\/revisions\/17527"}],"wp:featuredmedia":[{"embeddable":true,"href":"https:\/\/atitudenoticias.com.br\/index.php?rest_route=\/wp\/v2\/media\/11230"}],"wp:attachment":[{"href":"https:\/\/atitudenoticias.com.br\/index.php?rest_route=%2Fwp%2Fv2%2Fmedia&parent=17526"}],"wp:term":[{"taxonomy":"category","embeddable":true,"href":"https:\/\/atitudenoticias.com.br\/index.php?rest_route=%2Fwp%2Fv2%2Fcategories&post=17526"},{"taxonomy":"post_tag","embeddable":true,"href":"https:\/\/atitudenoticias.com.br\/index.php?rest_route=%2Fwp%2Fv2%2Ftags&post=17526"}],"curies":[{"name":"wp","href":"https:\/\/api.w.org\/{rel}","templated":true}]}}