{"id":17732,"date":"2024-10-01T17:23:14","date_gmt":"2024-10-01T20:23:14","guid":{"rendered":"http:\/\/atitudenoticias.com.br\/?p=17732"},"modified":"2024-10-01T17:23:15","modified_gmt":"2024-10-01T20:23:15","slug":"chega-a-fase-final-construcao-de-praca-no-canteiro-central-da-avenida-fraga-maia","status":"publish","type":"post","link":"https:\/\/atitudenoticias.com.br\/?p=17732","title":{"rendered":"Chega a fase final constru\u00e7\u00e3o de pra\u00e7a no canteiro central da avenida Fraga Maia"},"content":{"rendered":"\n<p class=\"has-text-align-center wp-block-paragraph\"><em><strong>A iniciativa visa criar um ambiente mais seguro para ciclistas e pedestres<\/strong><\/em><\/p>\n\n\n\n<p class=\"wp-block-paragraph\">A constru\u00e7\u00e3o da pra\u00e7a de lazer e da academia ao ar livre no canteiro central da avenida Fraga Maia est\u00e1 prestes a ser finalizada. At\u00e9 esta segunda-feira (30) a obra atingiu cerca de 95% conclus\u00e3o. A iniciativa \u00e9 da Prefeitura de Feira de Santana, atrav\u00e9s da Superintend\u00eancia de Opera\u00e7\u00f5es e Manuten\u00e7\u00e3o (SOMA).<\/p>\n\n\n\n<p class=\"wp-block-paragraph\">O local antes era ocupado por barracas de maneira irregular que impediam a continuidade da ciclovia na avenida &#8211; com 2,2 quil\u00f4metros de extens\u00e3o. A iniciativa visa criar um ambiente mais seguro para ciclistas e pedestres, al\u00e9m de incentivar a pr\u00e1tica de atividades f\u00edsicas e o lazer na comunidade.<\/p>\n\n\n\n<p class=\"wp-block-paragraph\">No novo ambiente j\u00e1 est\u00e3o instalados o piso intertravado, pergolados e bancos. Al\u00e9m disso, os parques infantis &#8211; composto por balan\u00e7os, gangorras e gira-gira &#8211; assim como as mesas de jogos, o gramado, as mudas de \u00e1rvores e as plantas ornamentais integram a nova paisagem. O projeto prev\u00ea tamb\u00e9m a instala\u00e7\u00e3o de uma academia ao ar livre.<\/p>\n\n\n\n<p class=\"wp-block-paragraph\">Ansioso para a abertura da pra\u00e7a \u00e0 comunidade, o pequeno Lucas dos Santos Souza, de apenas 5 anos, diz que n\u00e3o v\u00ea a hora de poder usar os novos brinquedos.<\/p>\n\n\n\n<blockquote class=\"wp-block-quote is-layout-flow wp-block-quote-is-layout-flow\">\n<p class=\"wp-block-paragraph\">&#8220;Eu t\u00f4 doido pra brincar no de girar e no escorregador!&#8221; disse o pequeno animado com o parque infantil.<\/p>\n<\/blockquote>\n\n\n\n<p class=\"wp-block-paragraph\">De acordo com o diretor de execu\u00e7\u00e3o de obras da SOMA, Ianco Pinho, o objetivo \u00e9 promover a experi\u00eancia de aproveitar uma tarde ao ar livre em um ambiente que fortalece os v\u00ednculos sociais e promove bem-estar f\u00edsico e emocional.<\/p>\n\n\n\n<blockquote class=\"wp-block-quote is-layout-flow wp-block-quote-is-layout-flow\">\n<p class=\"wp-block-paragraph\">&#8220;A entrega do novo equipamento deve fortalecer a pr\u00e1tica de atividades f\u00edsicas no local, que j\u00e1 \u00e9 bastante procurado por atletas, al\u00e9m de estimular o crescimento econ\u00f4mico nessa regi\u00e3o. A avenida Fraga Maia j\u00e1 \u00e9 bastante procurada quando falamos em corrida e outros exerc\u00edcios, mas com essa entrega, com certeza, ser\u00e1 o novo local de lazer e de pr\u00e1tica de atividade f\u00edsica do cidad\u00e3o feirense. Tanto adultos quanto crian\u00e7as poder\u00e3o desfrutar de um ambiente de lazer seguro&#8221;, almeja.<\/p>\n<\/blockquote>\n\n\n\n<figure class=\"wp-block-image size-large\"><img fetchpriority=\"high\" decoding=\"async\" width=\"1024\" height=\"683\" src=\"http:\/\/atitudenoticias.com.br\/wp-content\/uploads\/2024\/10\/SECOM-Requalificacao-do-Canteiro-Central-da-Av-Fraga-Maia-Foto-Valto-Novaes-11-1024x683.jpg\" alt=\"\" class=\"wp-image-17735\" srcset=\"https:\/\/atitudenoticias.com.br\/wp-content\/uploads\/2024\/10\/SECOM-Requalificacao-do-Canteiro-Central-da-Av-Fraga-Maia-Foto-Valto-Novaes-11-1024x683.jpg 1024w, https:\/\/atitudenoticias.com.br\/wp-content\/uploads\/2024\/10\/SECOM-Requalificacao-do-Canteiro-Central-da-Av-Fraga-Maia-Foto-Valto-Novaes-11-300x200.jpg 300w, https:\/\/atitudenoticias.com.br\/wp-content\/uploads\/2024\/10\/SECOM-Requalificacao-do-Canteiro-Central-da-Av-Fraga-Maia-Foto-Valto-Novaes-11-768x512.jpg 768w, https:\/\/atitudenoticias.com.br\/wp-content\/uploads\/2024\/10\/SECOM-Requalificacao-do-Canteiro-Central-da-Av-Fraga-Maia-Foto-Valto-Novaes-11-1170x780.jpg 1170w, https:\/\/atitudenoticias.com.br\/wp-content\/uploads\/2024\/10\/SECOM-Requalificacao-do-Canteiro-Central-da-Av-Fraga-Maia-Foto-Valto-Novaes-11-585x390.jpg 585w, https:\/\/atitudenoticias.com.br\/wp-content\/uploads\/2024\/10\/SECOM-Requalificacao-do-Canteiro-Central-da-Av-Fraga-Maia-Foto-Valto-Novaes-11-263x175.jpg 263w, https:\/\/atitudenoticias.com.br\/wp-content\/uploads\/2024\/10\/SECOM-Requalificacao-do-Canteiro-Central-da-Av-Fraga-Maia-Foto-Valto-Novaes-11.jpg 1299w\" sizes=\"(max-width: 1024px) 100vw, 1024px\" \/><\/figure>\n\n\n\n<p class=\"wp-block-paragraph\"><em><strong>(SECOM\/PMFS)<\/strong><\/em><\/p>\n","protected":false},"excerpt":{"rendered":"<p>A iniciativa visa criar um ambiente mais seguro para ciclistas e pedestres A constru\u00e7\u00e3o da&hellip;<\/p>\n","protected":false},"author":2,"featured_media":17733,"comment_status":"open","ping_status":"open","sticky":false,"template":"","format":"standard","meta":{"footnotes":""},"categories":[58],"tags":[],"class_list":["post-17732","post","type-post","status-publish","format-standard","has-post-thumbnail","hentry","category-feira-de-santana"],"_links":{"self":[{"href":"https:\/\/atitudenoticias.com.br\/index.php?rest_route=\/wp\/v2\/posts\/17732","targetHints":{"allow":["GET"]}}],"collection":[{"href":"https:\/\/atitudenoticias.com.br\/index.php?rest_route=\/wp\/v2\/posts"}],"about":[{"href":"https:\/\/atitudenoticias.com.br\/index.php?rest_route=\/wp\/v2\/types\/post"}],"author":[{"embeddable":true,"href":"https:\/\/atitudenoticias.com.br\/index.php?rest_route=\/wp\/v2\/users\/2"}],"replies":[{"embeddable":true,"href":"https:\/\/atitudenoticias.com.br\/index.php?rest_route=%2Fwp%2Fv2%2Fcomments&post=17732"}],"version-history":[{"count":1,"href":"https:\/\/atitudenoticias.com.br\/index.php?rest_route=\/wp\/v2\/posts\/17732\/revisions"}],"predecessor-version":[{"id":17736,"href":"https:\/\/atitudenoticias.com.br\/index.php?rest_route=\/wp\/v2\/posts\/17732\/revisions\/17736"}],"wp:featuredmedia":[{"embeddable":true,"href":"https:\/\/atitudenoticias.com.br\/index.php?rest_route=\/wp\/v2\/media\/17733"}],"wp:attachment":[{"href":"https:\/\/atitudenoticias.com.br\/index.php?rest_route=%2Fwp%2Fv2%2Fmedia&parent=17732"}],"wp:term":[{"taxonomy":"category","embeddable":true,"href":"https:\/\/atitudenoticias.com.br\/index.php?rest_route=%2Fwp%2Fv2%2Fcategories&post=17732"},{"taxonomy":"post_tag","embeddable":true,"href":"https:\/\/atitudenoticias.com.br\/index.php?rest_route=%2Fwp%2Fv2%2Ftags&post=17732"}],"curies":[{"name":"wp","href":"https:\/\/api.w.org\/{rel}","templated":true}]}}