{"id":17826,"date":"2024-10-09T17:12:24","date_gmt":"2024-10-09T20:12:24","guid":{"rendered":"http:\/\/atitudenoticias.com.br\/?p=17826"},"modified":"2024-10-09T17:12:25","modified_gmt":"2024-10-09T20:12:25","slug":"operacao-de-limpeza-recolheu-mais-de-12-toneladas-de-materiais-de-campanha-politica","status":"publish","type":"post","link":"https:\/\/atitudenoticias.com.br\/?p=17826","title":{"rendered":"Opera\u00e7\u00e3o de limpeza recolheu mais de 12 toneladas de materiais de campanha pol\u00edtica"},"content":{"rendered":"\n<p class=\"has-text-align-center\"><em><strong>Servi\u00e7os de limpeza foram iniciados no domingo e conclu\u00eddos<\/strong><\/em><\/p>\n\n\n\n<p>A Prefeitura de Feira de Santana concluiu a coleta de materiais de campanha pol\u00edtica, incluindo santinhos, adesivos e outros itens publicit\u00e1rios espalhados pela cidade durante o per\u00edodo eleitoral. A a\u00e7\u00e3o, realizada pela Secretaria de Servi\u00e7os P\u00fablicos (Sesp), totalizou mais de 12 toneladas de materiais recolhidos das ruas.<\/p>\n\n\n\n<p>O secret\u00e1rio interino da pasta, Denilton Brito, ressaltou que a opera\u00e7\u00e3o de limpeza ocorreu desde o per\u00edodo de vota\u00e7\u00e3o do pleito eleitoral, no \u00faltimo domingo (6), at\u00e9 esta ter\u00e7a-feira (8), com o intuito de manter a limpeza urbana e a organiza\u00e7\u00e3o da cidade ap\u00f3s essa intensa mobiliza\u00e7\u00e3o pol\u00edtica.<\/p>\n\n\n\n<p>A coleta abrangeu diversos pontos estrat\u00e9gicos da cidade, especialmente nas proximidades dos col\u00e9gios eleitorais. A Sesp mobilizou cerca de 500 funcion\u00e1rios para essa a\u00e7\u00e3o, incluindo agentes de limpeza, orientadores e varredores.<\/p>\n\n\n\n<p>\u201cSe algum cidad\u00e3o identificar que ainda h\u00e1 \u00e1reas com materiais de propaganda, pode solicitar a limpeza pelo aplicativo Feira Conectada\u201d, afirma Denilton Brito. Os res\u00edduos recicl\u00e1veis foram encaminhados a cooperativas de catadores. (SECOM\/PMFS)<\/p>\n","protected":false},"excerpt":{"rendered":"<p>Servi\u00e7os de limpeza foram iniciados no domingo e conclu\u00eddos A Prefeitura de Feira de Santana&hellip;<\/p>\n","protected":false},"author":2,"featured_media":17827,"comment_status":"open","ping_status":"open","sticky":false,"template":"","format":"standard","meta":{"footnotes":""},"categories":[27,58],"tags":[],"class_list":["post-17826","post","type-post","status-publish","format-standard","has-post-thumbnail","hentry","category-eleicoes","category-feira-de-santana"],"_links":{"self":[{"href":"https:\/\/atitudenoticias.com.br\/index.php?rest_route=\/wp\/v2\/posts\/17826","targetHints":{"allow":["GET"]}}],"collection":[{"href":"https:\/\/atitudenoticias.com.br\/index.php?rest_route=\/wp\/v2\/posts"}],"about":[{"href":"https:\/\/atitudenoticias.com.br\/index.php?rest_route=\/wp\/v2\/types\/post"}],"author":[{"embeddable":true,"href":"https:\/\/atitudenoticias.com.br\/index.php?rest_route=\/wp\/v2\/users\/2"}],"replies":[{"embeddable":true,"href":"https:\/\/atitudenoticias.com.br\/index.php?rest_route=%2Fwp%2Fv2%2Fcomments&post=17826"}],"version-history":[{"count":1,"href":"https:\/\/atitudenoticias.com.br\/index.php?rest_route=\/wp\/v2\/posts\/17826\/revisions"}],"predecessor-version":[{"id":17828,"href":"https:\/\/atitudenoticias.com.br\/index.php?rest_route=\/wp\/v2\/posts\/17826\/revisions\/17828"}],"wp:featuredmedia":[{"embeddable":true,"href":"https:\/\/atitudenoticias.com.br\/index.php?rest_route=\/wp\/v2\/media\/17827"}],"wp:attachment":[{"href":"https:\/\/atitudenoticias.com.br\/index.php?rest_route=%2Fwp%2Fv2%2Fmedia&parent=17826"}],"wp:term":[{"taxonomy":"category","embeddable":true,"href":"https:\/\/atitudenoticias.com.br\/index.php?rest_route=%2Fwp%2Fv2%2Fcategories&post=17826"},{"taxonomy":"post_tag","embeddable":true,"href":"https:\/\/atitudenoticias.com.br\/index.php?rest_route=%2Fwp%2Fv2%2Ftags&post=17826"}],"curies":[{"name":"wp","href":"https:\/\/api.w.org\/{rel}","templated":true}]}}