{"id":1820,"date":"2022-06-10T01:55:37","date_gmt":"2022-06-10T01:55:37","guid":{"rendered":"http:\/\/atitudenoticias.com.br\/?p=1820"},"modified":"2022-06-10T13:58:22","modified_gmt":"2022-06-10T13:58:22","slug":"area-que-servia-como-ponto-de-lixo-ganha-plantio-de-arvores-no-limoeiro","status":"publish","type":"post","link":"https:\/\/atitudenoticias.com.br\/?p=1820","title":{"rendered":"\u00c1rea que servia como ponto de lixo ganha plantio de \u00e1rvores no Limoeiro"},"content":{"rendered":"\n<p class=\"wp-block-paragraph\">A Secretaria Municipal Servi\u00e7os P\u00fablicos (SESP) implantou mais um&nbsp;<a href=\"https:\/\/www.feiradesantana.ba.gov.br\/servicos.asp?titulo=Prefeitura-intensifica-servi%C3%A7os-de-limpeza-e-manuten%C3%A7%C3%A3o-em-pontos-ecol%C3%B3gicos-do-munic%C3%ADpio.html&amp;id=13&amp;link=secom\/noticias.asp&amp;idn=23179#noticias\"><strong>ponto ecol\u00f3gico<\/strong><\/a>, sendo desta vez no bairro Limoeiro em \u00e1rea que era considerada cr\u00edtica em virtude do ac\u00famulo de lixo, entulho e mato.&nbsp;<\/p>\n\n\n\n<p class=\"wp-block-paragraph\">O novo visual, al\u00e9m de preservar o meio ambiente, melhora a paisagem urbana e proporcionar o bem-estar \u00e0 popula\u00e7\u00e3o. No munic\u00edpio foram implantados, neste ano, 12 pontos ecol\u00f3gicos &#8211; eles est\u00e3o nos bairros Bras\u00edlia, Feira X, Campo Limpo e na avenida Eduardo Fr\u00f3es da Motta (Anel de Contorno).<\/p>\n\n\n\n<p class=\"wp-block-paragraph\">As interven\u00e7\u00f5es nesses espa\u00e7os consistem basicamente em execu\u00e7\u00e3o de servi\u00e7os de limpeza, pintura de meio-fio, plantio de \u00e1rvores e decora\u00e7\u00e3o ecol\u00f3gica com pneus usados.<\/p>\n\n\n\n<blockquote class=\"wp-block-quote is-layout-flow wp-block-quote-is-layout-flow\"><p>\u201cO trabalho consiste em ressignificar \u00e1reas que eram usadas para descarte irregular de lixo e materiais inserv\u00edveis. Os espa\u00e7os s\u00e3o ocupados por \u00e1rvores, criando um lindo canteiro verde\u201d, afirma o secret\u00e1rio da pasta, Eli Ribeiro.<\/p><\/blockquote>\n\n\n\n<p class=\"wp-block-paragraph\">Ainda no Limoeiro, a Prefeitura de Feira, por meio do Departamento de \u00c1reas Verdes, realizou a limpeza em algumas \u00e1reas do bairro, a exemplo do campo de futebol. (SECOM\/PMFS)<\/p>\n\n\n\n<figure class=\"wp-block-image size-large\"><img fetchpriority=\"high\" decoding=\"async\" width=\"1024\" height=\"682\" src=\"http:\/\/atitudenoticias.com.br\/wp-content\/uploads\/2022\/06\/thumbnail_Limpeza-de-Pracas-Foto-Divulgacao-SESP-2-1024x682.jpg\" alt=\"\" class=\"wp-image-1822\" srcset=\"https:\/\/atitudenoticias.com.br\/wp-content\/uploads\/2022\/06\/thumbnail_Limpeza-de-Pracas-Foto-Divulgacao-SESP-2-1024x682.jpg 1024w, https:\/\/atitudenoticias.com.br\/wp-content\/uploads\/2022\/06\/thumbnail_Limpeza-de-Pracas-Foto-Divulgacao-SESP-2-300x200.jpg 300w, https:\/\/atitudenoticias.com.br\/wp-content\/uploads\/2022\/06\/thumbnail_Limpeza-de-Pracas-Foto-Divulgacao-SESP-2-768x512.jpg 768w, https:\/\/atitudenoticias.com.br\/wp-content\/uploads\/2022\/06\/thumbnail_Limpeza-de-Pracas-Foto-Divulgacao-SESP-2-1170x780.jpg 1170w, https:\/\/atitudenoticias.com.br\/wp-content\/uploads\/2022\/06\/thumbnail_Limpeza-de-Pracas-Foto-Divulgacao-SESP-2-585x390.jpg 585w, https:\/\/atitudenoticias.com.br\/wp-content\/uploads\/2022\/06\/thumbnail_Limpeza-de-Pracas-Foto-Divulgacao-SESP-2-263x175.jpg 263w, https:\/\/atitudenoticias.com.br\/wp-content\/uploads\/2022\/06\/thumbnail_Limpeza-de-Pracas-Foto-Divulgacao-SESP-2.jpg 1280w\" sizes=\"(max-width: 1024px) 100vw, 1024px\" \/><\/figure>\n","protected":false},"excerpt":{"rendered":"<p>A Secretaria Municipal Servi\u00e7os P\u00fablicos (SESP) implantou mais um&nbsp;ponto ecol\u00f3gico, sendo desta vez no bairro&hellip;<\/p>\n","protected":false},"author":2,"featured_media":1821,"comment_status":"open","ping_status":"open","sticky":false,"template":"","format":"standard","meta":{"footnotes":""},"categories":[58],"tags":[],"class_list":["post-1820","post","type-post","status-publish","format-standard","has-post-thumbnail","hentry","category-feira-de-santana"],"_links":{"self":[{"href":"https:\/\/atitudenoticias.com.br\/index.php?rest_route=\/wp\/v2\/posts\/1820","targetHints":{"allow":["GET"]}}],"collection":[{"href":"https:\/\/atitudenoticias.com.br\/index.php?rest_route=\/wp\/v2\/posts"}],"about":[{"href":"https:\/\/atitudenoticias.com.br\/index.php?rest_route=\/wp\/v2\/types\/post"}],"author":[{"embeddable":true,"href":"https:\/\/atitudenoticias.com.br\/index.php?rest_route=\/wp\/v2\/users\/2"}],"replies":[{"embeddable":true,"href":"https:\/\/atitudenoticias.com.br\/index.php?rest_route=%2Fwp%2Fv2%2Fcomments&post=1820"}],"version-history":[{"count":1,"href":"https:\/\/atitudenoticias.com.br\/index.php?rest_route=\/wp\/v2\/posts\/1820\/revisions"}],"predecessor-version":[{"id":1865,"href":"https:\/\/atitudenoticias.com.br\/index.php?rest_route=\/wp\/v2\/posts\/1820\/revisions\/1865"}],"wp:featuredmedia":[{"embeddable":true,"href":"https:\/\/atitudenoticias.com.br\/index.php?rest_route=\/wp\/v2\/media\/1821"}],"wp:attachment":[{"href":"https:\/\/atitudenoticias.com.br\/index.php?rest_route=%2Fwp%2Fv2%2Fmedia&parent=1820"}],"wp:term":[{"taxonomy":"category","embeddable":true,"href":"https:\/\/atitudenoticias.com.br\/index.php?rest_route=%2Fwp%2Fv2%2Fcategories&post=1820"},{"taxonomy":"post_tag","embeddable":true,"href":"https:\/\/atitudenoticias.com.br\/index.php?rest_route=%2Fwp%2Fv2%2Ftags&post=1820"}],"curies":[{"name":"wp","href":"https:\/\/api.w.org\/{rel}","templated":true}]}}