{"id":1847,"date":"2022-06-10T13:29:16","date_gmt":"2022-06-10T13:29:16","guid":{"rendered":"http:\/\/atitudenoticias.com.br\/?p=1847"},"modified":"2022-06-10T13:29:18","modified_gmt":"2022-06-10T13:29:18","slug":"e-inveridico-que-procurador-negociou-pagamento-dos-precatorios-com-a-aplb","status":"publish","type":"post","link":"https:\/\/atitudenoticias.com.br\/?p=1847","title":{"rendered":"\u00c9 inver\u00eddico que procurador negociou pagamento dos precat\u00f3rios com a Aplb"},"content":{"rendered":"\n<p class=\"wp-block-paragraph\">\u00c9 inver\u00eddica a informa\u00e7\u00e3o atribu\u00edda ao procurador do Munic\u00edpio, Carlos Alberto Moura Pinho, que teria negociado com o setor jur\u00eddico da Aplb Sindicato o pagamento dos precat\u00f3rios aos professores. O suposto acordo tem circulado em sites devido a uma declara\u00e7\u00e3o feita pela dirigente sindical Marlede Oliveira.<\/p>\n\n\n\n<blockquote class=\"wp-block-quote is-layout-flow wp-block-quote-is-layout-flow\"><p>\u201cN\u00e3o \u00e9 verdadeira essa informa\u00e7\u00e3o. Este contato nunca existiu, nem com o advogado nem com qualquer outra pessoa do sindicato\u201d, afirma o procurador.<\/p><\/blockquote>\n\n\n\n<p class=\"wp-block-paragraph\">De acordo com Moura Pinho,&nbsp;sobre o poss\u00edvel pagamento da verba dos precat\u00f3rios aos professores a pauta est\u00e1 sub judice, ou seja, depende de parecer favor\u00e1vel do Supremo Tribunal Federal (STF) que pode definir pela n\u00e3o vincula\u00e7\u00e3o dos precat\u00f3rios.<\/p>\n\n\n\n<blockquote class=\"wp-block-quote is-layout-flow wp-block-quote-is-layout-flow\"><p>\u201cO entendimento \u00e9 de que os professores receberam seus sal\u00e1rios na ocasi\u00e3o e que a diferen\u00e7a resgatada pelos precat\u00f3rios \u00e9 devida ao munic\u00edpio, com vincula\u00e7\u00e3o \u00e0 Educa\u00e7\u00e3o como um todo. E n\u00e3o a aplica\u00e7\u00e3o de um percentual de 60% destinado aos docentes, como espera o sindicato\u201d, esclarece<\/p><\/blockquote>\n\n\n\n<p class=\"wp-block-paragraph\">Moura Pinho explica ainda que a posi\u00e7\u00e3o do munic\u00edpio \u00e9 clara. \u201c<em>Se este assunto vier a ser pacificado, com decis\u00e3o fundamentada dos \u00f3rg\u00e3os competentes, o pagamento poderia ser feito aos professores que atuaram no per\u00edodo correspondente<\/em>\u201d.<\/p>\n\n\n\n<p class=\"wp-block-paragraph\"><strong>O QUE S\u00c3O OS PRECAT\u00d3RIOS?<\/strong><\/p>\n\n\n\n<p class=\"wp-block-paragraph\">Em Feira de Santana, assim como em outros munic\u00edpios, o sindicato da categoria reivindica o repasse de 60% dos precat\u00f3rios da Educa\u00e7\u00e3o aos professores. O assunto ainda \u00e9 discutido pelos \u00f3rg\u00e3os competentes no \u00e2mbito judicial e n\u00e3o h\u00e1 uma decis\u00e3o final em torno do tema que \u00e9 bastante complexo, considerando as an\u00e1lises d\u00edspares.<\/p>\n\n\n\n<p class=\"wp-block-paragraph\">O Fundeb foi criado em 2007 para substituir o Fundef (Fundo de Manuten\u00e7\u00e3o e Desenvolvimento do Ensino Fundamental e Valoriza\u00e7\u00e3o do Magist\u00e9rio), que data de 1996. Ambos partem do mesmo princ\u00edpio: financiar a melhoria da educa\u00e7\u00e3o b\u00e1sica p\u00fablica com recursos de Uni\u00e3o, estados e munic\u00edpios. Em 2020, a Emenda Constitucional 108 tornou permanente o Fundeb, que at\u00e9 ent\u00e3o era provis\u00f3rio.<\/p>\n\n\n\n<p class=\"wp-block-paragraph\">Conforme decis\u00e3o judicial, no per\u00edodo entre 1998 e 2006, a Uni\u00e3o repassou aos munic\u00edpios um valor inferior ao acordado entre os entes. Este equ\u00edvoco foi ocasionado por uma diferen\u00e7a no c\u00e1lculo do valor a ser repassado \u2013 os munic\u00edpios alegaram que a divis\u00e3o deveria ser feita com base em todos os alunos do pa\u00eds e n\u00e3o apenas nos estudantes de seus estados. Desta forma, o valor m\u00ednimo por estudante seria \u00fanico e igual para todos.<\/p>\n\n\n\n<p class=\"wp-block-paragraph\">O erro de c\u00e1lculo levou \u00e0 judicializa\u00e7\u00e3o do caso, com a decis\u00e3o favor\u00e1vel aos munic\u00edpios e estados. Em setembro de 2017, o Supremo Tribunal Federal condenou a Uni\u00e3o a indenizar os entes prejudicados. A complementa\u00e7\u00e3o \u2013 diferen\u00e7a entre os valores pagos \u00e0 \u00e9poca e o correspondente a cada ente \u2013 foi feita por meio de precat\u00f3rios, t\u00edtulos que reconhecem d\u00edvidas de senten\u00e7as transitadas em julgado contra a administra\u00e7\u00e3o p\u00fablica. (SECOM\/PMFS &#8211; Foto: ACM)<\/p>\n","protected":false},"excerpt":{"rendered":"<p>\u00c9 inver\u00eddica a informa\u00e7\u00e3o atribu\u00edda ao procurador do Munic\u00edpio, Carlos Alberto Moura Pinho, que teria&hellip;<\/p>\n","protected":false},"author":2,"featured_media":1848,"comment_status":"open","ping_status":"open","sticky":false,"template":"","format":"standard","meta":{"footnotes":""},"categories":[58],"tags":[],"class_list":["post-1847","post","type-post","status-publish","format-standard","has-post-thumbnail","hentry","category-feira-de-santana"],"_links":{"self":[{"href":"https:\/\/atitudenoticias.com.br\/index.php?rest_route=\/wp\/v2\/posts\/1847","targetHints":{"allow":["GET"]}}],"collection":[{"href":"https:\/\/atitudenoticias.com.br\/index.php?rest_route=\/wp\/v2\/posts"}],"about":[{"href":"https:\/\/atitudenoticias.com.br\/index.php?rest_route=\/wp\/v2\/types\/post"}],"author":[{"embeddable":true,"href":"https:\/\/atitudenoticias.com.br\/index.php?rest_route=\/wp\/v2\/users\/2"}],"replies":[{"embeddable":true,"href":"https:\/\/atitudenoticias.com.br\/index.php?rest_route=%2Fwp%2Fv2%2Fcomments&post=1847"}],"version-history":[{"count":1,"href":"https:\/\/atitudenoticias.com.br\/index.php?rest_route=\/wp\/v2\/posts\/1847\/revisions"}],"predecessor-version":[{"id":1849,"href":"https:\/\/atitudenoticias.com.br\/index.php?rest_route=\/wp\/v2\/posts\/1847\/revisions\/1849"}],"wp:featuredmedia":[{"embeddable":true,"href":"https:\/\/atitudenoticias.com.br\/index.php?rest_route=\/wp\/v2\/media\/1848"}],"wp:attachment":[{"href":"https:\/\/atitudenoticias.com.br\/index.php?rest_route=%2Fwp%2Fv2%2Fmedia&parent=1847"}],"wp:term":[{"taxonomy":"category","embeddable":true,"href":"https:\/\/atitudenoticias.com.br\/index.php?rest_route=%2Fwp%2Fv2%2Fcategories&post=1847"},{"taxonomy":"post_tag","embeddable":true,"href":"https:\/\/atitudenoticias.com.br\/index.php?rest_route=%2Fwp%2Fv2%2Ftags&post=1847"}],"curies":[{"name":"wp","href":"https:\/\/api.w.org\/{rel}","templated":true}]}}