{"id":1862,"date":"2022-06-10T13:54:58","date_gmt":"2022-06-10T13:54:58","guid":{"rendered":"http:\/\/atitudenoticias.com.br\/?p=1862"},"modified":"2022-06-10T13:55:00","modified_gmt":"2022-06-10T13:55:00","slug":"bolsonaro-se-diz-maravilhado-com-biden-apos-reuniao","status":"publish","type":"post","link":"https:\/\/atitudenoticias.com.br\/?p=1862","title":{"rendered":"Bolsonaro se diz &#8220;maravilhado&#8221; com Biden ap\u00f3s reuni\u00e3o"},"content":{"rendered":"\n<p class=\"wp-block-paragraph\">O presidente do Brasil,\u00a0<strong>Jair Bolsonaro<\/strong>\u00a0(PL), afirmou que ficou &#8220;maravilhado&#8221; com seu hom\u00f3logo norte-americano,\u00a0<strong>Joe Biden<\/strong>, ap\u00f3s reuni\u00e3o realizada nesta quinta-feira,9, em Los Angeles, a primeira entre ambos desde que o democrata assumiu o poder no ano passado.<\/p>\n\n\n\n<p class=\"wp-block-paragraph\">&#8220;Foi excepcional, estou muito feliz. Posso dizer que estou maravilhado com ele. N\u00e3o estou errando em falar dessa maneira.\u00a0Ficamos quase meia hora conversando reservadamente&#8221;, disse em entrevista \u00e0\u00a0<em>CNN.<\/em><\/p>\n\n\n\n<p class=\"wp-block-paragraph\">Entre os pontos destacados, Bolsonaro afirmou que ambos falaram &#8220;abertamente sobre&nbsp;<strong>Amaz\u00f4nia<\/strong>&#8221; e que Biden &#8220;concorda conosco&#8221; &#8211; sem dar muitos detalhes. No passado, o pol\u00edtico brasileiro criticou publicamente o democrata por conta de seu discurso de prote\u00e7\u00e3o da Amaz\u00f4nia.<\/p>\n\n\n\n<p class=\"wp-block-paragraph\">O mandat\u00e1rio brasileiro, que sempre apoiou<strong>&nbsp;Donald Trump<\/strong>&nbsp;e chegou a falar em fraude nas elei\u00e7\u00f5es que deram vit\u00f3ria a Biden, est\u00e1 nos EUA para participar da C\u00fapula das Am\u00e9ricas. Nesta quinta, um encontro bilateral entre os dois presidentes foi realizado e teve a dura\u00e7\u00e3o prevista, de 30 minutos.<\/p>\n\n\n\n<p class=\"wp-block-paragraph\">Na parte televisionada, a Amaz\u00f4nia foi o destaque principal. Enquanto Biden refor\u00e7ou a import\u00e2ncia do ecossistema e pediu que Bolsonaro desse sua opini\u00e3o sobre o apoio de outras na\u00e7\u00f5es no tema, o brasileiro leu um texto citando dados j\u00e1 falados por ele em outros discursos internacionais, al\u00e9m de falar de elei\u00e7\u00f5es e economia. (CNN)<\/p>\n","protected":false},"excerpt":{"rendered":"<p>O presidente do Brasil,\u00a0Jair Bolsonaro\u00a0(PL), afirmou que ficou &#8220;maravilhado&#8221; com seu hom\u00f3logo norte-americano,\u00a0Joe Biden, ap\u00f3s&hellip;<\/p>\n","protected":false},"author":2,"featured_media":1863,"comment_status":"open","ping_status":"open","sticky":false,"template":"","format":"standard","meta":{"footnotes":""},"categories":[28],"tags":[],"class_list":["post-1862","post","type-post","status-publish","format-standard","has-post-thumbnail","hentry","category-mundo"],"_links":{"self":[{"href":"https:\/\/atitudenoticias.com.br\/index.php?rest_route=\/wp\/v2\/posts\/1862","targetHints":{"allow":["GET"]}}],"collection":[{"href":"https:\/\/atitudenoticias.com.br\/index.php?rest_route=\/wp\/v2\/posts"}],"about":[{"href":"https:\/\/atitudenoticias.com.br\/index.php?rest_route=\/wp\/v2\/types\/post"}],"author":[{"embeddable":true,"href":"https:\/\/atitudenoticias.com.br\/index.php?rest_route=\/wp\/v2\/users\/2"}],"replies":[{"embeddable":true,"href":"https:\/\/atitudenoticias.com.br\/index.php?rest_route=%2Fwp%2Fv2%2Fcomments&post=1862"}],"version-history":[{"count":1,"href":"https:\/\/atitudenoticias.com.br\/index.php?rest_route=\/wp\/v2\/posts\/1862\/revisions"}],"predecessor-version":[{"id":1864,"href":"https:\/\/atitudenoticias.com.br\/index.php?rest_route=\/wp\/v2\/posts\/1862\/revisions\/1864"}],"wp:featuredmedia":[{"embeddable":true,"href":"https:\/\/atitudenoticias.com.br\/index.php?rest_route=\/wp\/v2\/media\/1863"}],"wp:attachment":[{"href":"https:\/\/atitudenoticias.com.br\/index.php?rest_route=%2Fwp%2Fv2%2Fmedia&parent=1862"}],"wp:term":[{"taxonomy":"category","embeddable":true,"href":"https:\/\/atitudenoticias.com.br\/index.php?rest_route=%2Fwp%2Fv2%2Fcategories&post=1862"},{"taxonomy":"post_tag","embeddable":true,"href":"https:\/\/atitudenoticias.com.br\/index.php?rest_route=%2Fwp%2Fv2%2Ftags&post=1862"}],"curies":[{"name":"wp","href":"https:\/\/api.w.org\/{rel}","templated":true}]}}