{"id":18639,"date":"2024-11-27T17:50:01","date_gmt":"2024-11-27T20:50:01","guid":{"rendered":"http:\/\/atitudenoticias.com.br\/?p=18639"},"modified":"2024-11-28T23:13:11","modified_gmt":"2024-11-29T02:13:11","slug":"deputado-propoe-acabar-com-feriados-no-brasil","status":"publish","type":"post","link":"https:\/\/atitudenoticias.com.br\/?p=18639","title":{"rendered":"Deputado prop\u00f5e acabar com feriados no Brasil"},"content":{"rendered":"\n<p class=\"has-text-align-center\"><strong><em>O objetivo, segundo o parlamentar, \u00e9 tornar o pa\u00eds mais competitivo economicamente<\/em><\/strong><\/p>\n\n\n\n<p>O deputado federal Marcos Pollon (PL-MS) est\u00e1 em busca de assinaturas para uma&nbsp;<a href=\"https:\/\/atarde.com.br\/?q=Proposta+de+Emenda+%C3%A0+Constitui%C3%A7%C3%A3o+%28PEC%29&amp;d=1\" target=\"_blank\" rel=\"noreferrer noopener\">Proposta de Emenda \u00e0 Constitui\u00e7\u00e3o (PEC)<\/a>&nbsp;que prop\u00f5e o fim dos feriados no&nbsp;<a href=\"https:\/\/atarde.com.br\/?q=Brasil&amp;d=1\" target=\"_blank\" rel=\"noreferrer noopener\">Brasil<\/a>. O objetivo, segundo o parlamentar, \u00e9 tornar o pa\u00eds mais competitivo economicamente.<\/p>\n\n\n\n<p>\u201cAcho que o melhor seria todo feriado ir para o domingo de cada semana, pois n\u00e3o ter\u00edamos tantas interrup\u00e7\u00f5es na escala produtiva\u201d, afirmou o deputado. Essa sugest\u00e3o foi apresentada no contexto da discuss\u00e3o sobre o fim da escala 6\u00d71, proposta pela deputada Erika Hilton (PSOL-SP)<\/p>\n\n\n\n<p>\u201cDiferente de outra proposta, levo em considera\u00e7\u00e3o o peso que existe sobre o custo operacional das coisas, seja em produtos ou servi\u00e7os. Um feriado, ou um descanso remunerado, gera um peso para o caixa, e quem paga por isso \u00e9 voc\u00ea. O valor \u00e9 sempre repassado e pode ser ainda mais nocivo com a jornada menor\u201d, declarou Pollon.<\/p>\n\n\n\n<p>Originalmente apresentada como um projeto de lei em 2023, a proposta de Pollon estabelece as seguintes mudan\u00e7as:<\/p>\n\n\n\n<p>Art. 1\u00ba: Esta Lei transfere a comemora\u00e7\u00e3o dos feriados para o primeiro domingo subsequente \u00e0 data do feriado;<\/p>\n\n\n\n<p>\u00a71\u00ba: Na data do feriado que n\u00e3o coincidir com domingo, haver\u00e1 expediente de trabalho normal nas reparti\u00e7\u00f5es p\u00fablicas, sendo facultado \u00e0 iniciativa privada decidir se haver\u00e1 expediente no seu \u00e2mbito;<\/p>\n\n\n\n<p>\u00a72\u00ba: Fica extinto o ponto facultativo nos \u00f3rg\u00e3os p\u00fablicos, cabendo \u00e0 iniciativa privada determinar o funcionamento de seus estabelecimentos.<\/p>\n\n\n\n<p>Pollon explica que a motiva\u00e7\u00e3o por tr\u00e1s da proposta \u00e9 \u201ca busca por mitigar os preju\u00edzos econ\u00f4micos causados pela paralisa\u00e7\u00e3o do trabalho nos feriados e pontos facultativos\u201d.<\/p>\n\n\n\n<p>\u201cA paralisa\u00e7\u00e3o das atividades econ\u00f4micas em feriados e pontos facultativos resulta em consider\u00e1vel preju\u00edzo para diversos setores produtivos. Empresas deixam de operar, o com\u00e9rcio fecha suas portas, e a produ\u00e7\u00e3o \u00e9 interrompida, gerando impactos diretos no Produto Interno Bruto (PIB) e na gera\u00e7\u00e3o de empregos\u201d, ressalta o deputado.<\/p>\n\n\n\n<p>Pollon tamb\u00e9m est\u00e1 colhendo assinaturas para outra proposta, apelidada de \u201cPEC do sal\u00e1rio em dobro\u201d, que pretende isentar de impostos a Consolida\u00e7\u00e3o das Leis do Trabalho (CLT), com o objetivo de aumentar o pagamento m\u00e9dio dos trabalhadores.<\/p>\n\n\n\n<p>\u201cA proposta da PEC \u00e9, principalmente, para trazer a discuss\u00e3o do peso dos encargos sobre a iniciativa privada. Todo mundo concorda que as condi\u00e7\u00f5es de trabalho no Brasil devem melhorar, \u00e9 necess\u00e1rio que melhorem, bem como a qualidade de vida dos trabalhadores. No entanto, n\u00e3o basta apresentar o problema sem apresentar um foco de solu\u00e7\u00e3o. Eu entendo que a solu\u00e7\u00e3o vi\u00e1vel para valorizar o trabalho \u00e9 a redu\u00e7\u00e3o de encargos\u201d, disse Pollon em entrevista a CNN.<em><strong> (ATarde)<\/strong><\/em><\/p>\n\n\n\n<p><\/p>\n","protected":false},"excerpt":{"rendered":"<p>O objetivo, segundo o parlamentar, \u00e9 tornar o pa\u00eds mais competitivo economicamente O deputado federal&hellip;<\/p>\n","protected":false},"author":2,"featured_media":18640,"comment_status":"open","ping_status":"open","sticky":false,"template":"","format":"standard","meta":{"footnotes":""},"categories":[20,30],"tags":[],"class_list":["post-18639","post","type-post","status-publish","format-standard","has-post-thumbnail","hentry","category-brasil","category-politica"],"_links":{"self":[{"href":"https:\/\/atitudenoticias.com.br\/index.php?rest_route=\/wp\/v2\/posts\/18639","targetHints":{"allow":["GET"]}}],"collection":[{"href":"https:\/\/atitudenoticias.com.br\/index.php?rest_route=\/wp\/v2\/posts"}],"about":[{"href":"https:\/\/atitudenoticias.com.br\/index.php?rest_route=\/wp\/v2\/types\/post"}],"author":[{"embeddable":true,"href":"https:\/\/atitudenoticias.com.br\/index.php?rest_route=\/wp\/v2\/users\/2"}],"replies":[{"embeddable":true,"href":"https:\/\/atitudenoticias.com.br\/index.php?rest_route=%2Fwp%2Fv2%2Fcomments&post=18639"}],"version-history":[{"count":1,"href":"https:\/\/atitudenoticias.com.br\/index.php?rest_route=\/wp\/v2\/posts\/18639\/revisions"}],"predecessor-version":[{"id":18641,"href":"https:\/\/atitudenoticias.com.br\/index.php?rest_route=\/wp\/v2\/posts\/18639\/revisions\/18641"}],"wp:featuredmedia":[{"embeddable":true,"href":"https:\/\/atitudenoticias.com.br\/index.php?rest_route=\/wp\/v2\/media\/18640"}],"wp:attachment":[{"href":"https:\/\/atitudenoticias.com.br\/index.php?rest_route=%2Fwp%2Fv2%2Fmedia&parent=18639"}],"wp:term":[{"taxonomy":"category","embeddable":true,"href":"https:\/\/atitudenoticias.com.br\/index.php?rest_route=%2Fwp%2Fv2%2Fcategories&post=18639"},{"taxonomy":"post_tag","embeddable":true,"href":"https:\/\/atitudenoticias.com.br\/index.php?rest_route=%2Fwp%2Fv2%2Ftags&post=18639"}],"curies":[{"name":"wp","href":"https:\/\/api.w.org\/{rel}","templated":true}]}}