{"id":18703,"date":"2024-11-30T17:15:40","date_gmt":"2024-11-30T20:15:40","guid":{"rendered":"http:\/\/atitudenoticias.com.br\/?p=18703"},"modified":"2024-12-02T23:48:13","modified_gmt":"2024-12-03T02:48:13","slug":"dezembro-vermelho-prefeitura-reforca-acoes-de-conscientizacao-e-prevencao-ao-hiv-aids","status":"publish","type":"post","link":"https:\/\/atitudenoticias.com.br\/?p=18703","title":{"rendered":"Dezembro Vermelho: Prefeitura refor\u00e7a a\u00e7\u00f5es de conscientiza\u00e7\u00e3o e preven\u00e7\u00e3o ao HIV\/Aids"},"content":{"rendered":"\n<p class=\"has-text-align-center\"><em><strong>Em Feira de Santana s\u00e3o 4.198 pacientes em tratamento no Centro de Refer\u00eancia<\/strong><\/em><\/p>\n\n\n\n<p>Com foco na preven\u00e7\u00e3o e diagn\u00f3stico precoce do HIV\/Aids, a Prefeitura de Feira de Santana, por meio da Secretaria Municipal de Sa\u00fade, intensifica as a\u00e7\u00f5es da campanha Dezembro Vermelho. A iniciativa tem como objetivo sensibilizar a popula\u00e7\u00e3o sobre os cuidados necess\u00e1rios para prevenir a doen\u00e7a e outras infec\u00e7\u00f5es sexualmente transmiss\u00edveis (ISTs), al\u00e9m de garantir assist\u00eancia aos pacientes diagnosticados.<\/p>\n\n\n\n<p>Em Feira de Santana s\u00e3o 4.198 pacientes em tratamento no Centro de Refer\u00eancia localizado no Centro de Sa\u00fade Especializada Dr. Leone Coelho L\u00eada (CSE). Somente este ano, 243 novos casos foram diagnosticados contra 366 ano passado.&nbsp;<\/p>\n\n\n\n<p>Durante todo o m\u00eas, ser\u00e3o realizadas atividades como testagens r\u00e1pidas, distribui\u00e7\u00e3o de preservativos, palestras educativas e a\u00e7\u00f5es de conscientiza\u00e7\u00e3o nas Unidades B\u00e1sicas de Sa\u00fade (UBSs), Unidades de Sa\u00fade da Fam\u00edlia (USFs) e no Centro Municipal de Refer\u00eancia em ISTs.<\/p>\n\n\n\n<p>Entre esta segunda-feira (2) e sexta (6), das 8h \u00e0s 16h30 sem intervalo, testes r\u00e1pidos para diagn\u00f3stico da doen\u00e7a ser\u00e3o disponibilizados no CSE.&nbsp; No dia 9 de dezembro, pr\u00f3xima segunda-feira, a a\u00e7\u00e3o seguir\u00e1 para o Shopping Popular Cidade das Compras.<\/p>\n\n\n\n<p>De acordo com a secret\u00e1ria de Sa\u00fade, Cristiane Campos, a campanha \u00e9 essencial para ampliar as testagens.<\/p>\n\n\n\n<blockquote class=\"wp-block-quote is-layout-flow wp-block-quote-is-layout-flow\">\n<p>&#8220;O Dezembro Vermelho \u00e9 um momento de mobiliza\u00e7\u00e3o para lembrar que o HIV ainda \u00e9 uma realidade e que a preven\u00e7\u00e3o \u00e9 a melhor ferramenta. Tamb\u00e9m queremos refor\u00e7ar que o diagn\u00f3stico precoce salva vidas, pois possibilita o in\u00edcio imediato do tratamento, garantindo qualidade de vida aos pacientes. Nosso compromisso \u00e9 promover o cuidado integral, combatendo a desinforma\u00e7\u00e3o e o preconceito&#8221;, destacou a secret\u00e1ria.<\/p>\n<\/blockquote>\n\n\n\n<p>Al\u00e9m das testagens e a\u00e7\u00f5es educativas, a campanha busca sensibilizar a sociedade sobre os direitos das pessoas vivendo com HIV\/Aids, promovendo o acolhimento, a assist\u00eancia e a prote\u00e7\u00e3o contra o estigma social<em><strong>. (SECOM\/PMFS)<\/strong><\/em><\/p>\n","protected":false},"excerpt":{"rendered":"<p>Em Feira de Santana s\u00e3o 4.198 pacientes em tratamento no Centro de Refer\u00eancia Com foco&hellip;<\/p>\n","protected":false},"author":2,"featured_media":18704,"comment_status":"open","ping_status":"open","sticky":false,"template":"","format":"standard","meta":{"footnotes":""},"categories":[58,25],"tags":[],"class_list":["post-18703","post","type-post","status-publish","format-standard","has-post-thumbnail","hentry","category-feira-de-santana","category-saude"],"_links":{"self":[{"href":"https:\/\/atitudenoticias.com.br\/index.php?rest_route=\/wp\/v2\/posts\/18703","targetHints":{"allow":["GET"]}}],"collection":[{"href":"https:\/\/atitudenoticias.com.br\/index.php?rest_route=\/wp\/v2\/posts"}],"about":[{"href":"https:\/\/atitudenoticias.com.br\/index.php?rest_route=\/wp\/v2\/types\/post"}],"author":[{"embeddable":true,"href":"https:\/\/atitudenoticias.com.br\/index.php?rest_route=\/wp\/v2\/users\/2"}],"replies":[{"embeddable":true,"href":"https:\/\/atitudenoticias.com.br\/index.php?rest_route=%2Fwp%2Fv2%2Fcomments&post=18703"}],"version-history":[{"count":1,"href":"https:\/\/atitudenoticias.com.br\/index.php?rest_route=\/wp\/v2\/posts\/18703\/revisions"}],"predecessor-version":[{"id":18705,"href":"https:\/\/atitudenoticias.com.br\/index.php?rest_route=\/wp\/v2\/posts\/18703\/revisions\/18705"}],"wp:featuredmedia":[{"embeddable":true,"href":"https:\/\/atitudenoticias.com.br\/index.php?rest_route=\/wp\/v2\/media\/18704"}],"wp:attachment":[{"href":"https:\/\/atitudenoticias.com.br\/index.php?rest_route=%2Fwp%2Fv2%2Fmedia&parent=18703"}],"wp:term":[{"taxonomy":"category","embeddable":true,"href":"https:\/\/atitudenoticias.com.br\/index.php?rest_route=%2Fwp%2Fv2%2Fcategories&post=18703"},{"taxonomy":"post_tag","embeddable":true,"href":"https:\/\/atitudenoticias.com.br\/index.php?rest_route=%2Fwp%2Fv2%2Ftags&post=18703"}],"curies":[{"name":"wp","href":"https:\/\/api.w.org\/{rel}","templated":true}]}}