{"id":18830,"date":"2024-12-06T00:05:53","date_gmt":"2024-12-06T03:05:53","guid":{"rendered":"http:\/\/atitudenoticias.com.br\/?p=18830"},"modified":"2024-12-06T00:10:32","modified_gmt":"2024-12-06T03:10:32","slug":"cancer-de-pele-gera-r-46-mi-em-custos-hospitalares-em-quase-2-anos","status":"publish","type":"post","link":"https:\/\/atitudenoticias.com.br\/?p=18830","title":{"rendered":"C\u00e2ncer de pele gera R$ 4,6 mi em custos hospitalares em quase 2 anos"},"content":{"rendered":"\n<p class=\"has-text-align-center\"><em><strong>SUS registrou nesse per\u00edodo 2,83 atendimentos da doen\u00e7a no pa\u00eds<\/strong><\/em><\/p>\n\n\n\n<p>Entre janeiro de 2023 e outubro deste ano, o custo das interna\u00e7\u00f5es no Brasil por melanoma \u2013 considerado o tipo de c\u00e2ncer de pele mais agressivo \u2013 chegou a R$ 4,6 milh\u00f5es. O levantamento, feito pela Planisa em parceria com o DRG Brasil, analisou 2.537 altas hospitalares em unidades p\u00fablicas e privadas do pa\u00eds com perman\u00eancia m\u00e9dia de 1,9 dia.&nbsp;<img decoding=\"async\" src=\"https:\/\/agenciabrasil.ebc.com.br\/ebc.png?id=1622568&amp;o=node\"><img decoding=\"async\" src=\"https:\/\/agenciabrasil.ebc.com.br\/ebc.gif?id=1622568&amp;o=node\"><\/p>\n\n\n\n<p>A pesquisa revela que a faixa et\u00e1ria predominante, nesses casos, foi de pacientes com idade entre 60 e 69 anos (26,30%), seguida pelo grupo de 70 a 79 anos (25,14%). J\u00e1 a distribui\u00e7\u00e3o por g\u00eanero ficou equilibrada, com 50,61% de mulheres e 49,39% de homens.&nbsp;<\/p>\n\n\n\n<p>O levantamento faz ainda uma an\u00e1lise da complexidade assistencial das altas. Os n\u00fameros mostram que 89% delas ocorreram no n\u00edvel 1 de severidade, indicando baixa complexidade cl\u00ednica. Apenas 6,9%, 1,42% e 1,66% foram classificados nos n\u00edveis 2, 3 e 4, respectivamente, faixas que demandam maior cuidado e recursos.<\/p>\n\n\n\n<p>Al\u00e9m disso, 37,68% dos pacientes foram atendidos em hospital-dia por um per\u00edodo de at\u00e9 12 horas e 14,62%, por um per\u00edodo entre 12 e 24. De acordo com o estudo, os dados refor\u00e7am a import\u00e2ncia de triagens eficazes para direcionar casos menos graves \u00e0 aten\u00e7\u00e3o prim\u00e1ria ou ambulat\u00f3rios especializados, otimizando recursos hospitalares para pacientes de alta complexidade.&nbsp;<\/p>\n\n\n\n<h2 class=\"wp-block-heading\">SUS<\/h2>\n\n\n\n<p>Segundo o Minist\u00e9rio da Sa\u00fade, no Sistema \u00danico de Sa\u00fade (SUS), foram registrados 28.354 atendimentos relacionados ao c\u00e2ncer de pele do tipo melanoma entre janeiro de 2023 e julho de 2024.<\/p>\n\n\n\n<p>Desse total, 10.298 foram cirurgias oncol\u00f3gicas \u2014 6.276 em 2023 e 4.022 entre janeiro e julho de 2024; 8.107 foram quimioterapias \u2014 5.113 em 2023 e 2.994 entre janeiro e julho deste ano; e 9.949 foram radioterapias \u2014 5.994 no ano passado e 3.955 entre janeiro e julho de 2024.<\/p>\n\n\n\n<p>J\u00e1 em rela\u00e7\u00e3o ao c\u00e2ncer de pele n\u00e3o melanoma, foram registrados, no mesmo per\u00edodo, 110.526 atendimentos, sendo 99.713 cirurgias oncol\u00f3gicas \u2014 59.345 em 2023 e 40.368 entre janeiro e julho de 2024; 1.192 quimioterapias \u2014 729 em 2023 e 463 entre janeiro e julho deste ano; e 9.621 radioterapias \u2014 5.758 em 2023 e 3.863 de janeiro a julho de 2024.<em><strong> (EBC)<\/strong><\/em><\/p>\n","protected":false},"excerpt":{"rendered":"<p>SUS registrou nesse per\u00edodo 2,83 atendimentos da doen\u00e7a no pa\u00eds Entre janeiro de 2023 e&hellip;<\/p>\n","protected":false},"author":2,"featured_media":18831,"comment_status":"open","ping_status":"open","sticky":false,"template":"","format":"standard","meta":{"footnotes":""},"categories":[20,25],"tags":[],"class_list":["post-18830","post","type-post","status-publish","format-standard","has-post-thumbnail","hentry","category-brasil","category-saude"],"_links":{"self":[{"href":"https:\/\/atitudenoticias.com.br\/index.php?rest_route=\/wp\/v2\/posts\/18830","targetHints":{"allow":["GET"]}}],"collection":[{"href":"https:\/\/atitudenoticias.com.br\/index.php?rest_route=\/wp\/v2\/posts"}],"about":[{"href":"https:\/\/atitudenoticias.com.br\/index.php?rest_route=\/wp\/v2\/types\/post"}],"author":[{"embeddable":true,"href":"https:\/\/atitudenoticias.com.br\/index.php?rest_route=\/wp\/v2\/users\/2"}],"replies":[{"embeddable":true,"href":"https:\/\/atitudenoticias.com.br\/index.php?rest_route=%2Fwp%2Fv2%2Fcomments&post=18830"}],"version-history":[{"count":1,"href":"https:\/\/atitudenoticias.com.br\/index.php?rest_route=\/wp\/v2\/posts\/18830\/revisions"}],"predecessor-version":[{"id":18832,"href":"https:\/\/atitudenoticias.com.br\/index.php?rest_route=\/wp\/v2\/posts\/18830\/revisions\/18832"}],"wp:featuredmedia":[{"embeddable":true,"href":"https:\/\/atitudenoticias.com.br\/index.php?rest_route=\/wp\/v2\/media\/18831"}],"wp:attachment":[{"href":"https:\/\/atitudenoticias.com.br\/index.php?rest_route=%2Fwp%2Fv2%2Fmedia&parent=18830"}],"wp:term":[{"taxonomy":"category","embeddable":true,"href":"https:\/\/atitudenoticias.com.br\/index.php?rest_route=%2Fwp%2Fv2%2Fcategories&post=18830"},{"taxonomy":"post_tag","embeddable":true,"href":"https:\/\/atitudenoticias.com.br\/index.php?rest_route=%2Fwp%2Fv2%2Ftags&post=18830"}],"curies":[{"name":"wp","href":"https:\/\/api.w.org\/{rel}","templated":true}]}}