{"id":19114,"date":"2025-01-06T17:30:00","date_gmt":"2025-01-06T20:30:00","guid":{"rendered":"http:\/\/atitudenoticias.com.br\/?p=19114"},"modified":"2025-01-06T17:30:00","modified_gmt":"2025-01-06T20:30:00","slug":"prefeito-defende-parceria-com-professores-para-tornar-ideb-de-feira-o-melhor-do-pais","status":"publish","type":"post","link":"https:\/\/atitudenoticias.com.br\/?p=19114","title":{"rendered":"Prefeito defende parceria com professores para tornar Ideb de Feira o melhor do pa\u00eds"},"content":{"rendered":"\n<p class=\"has-text-align-center\"><em><strong>A proposta foi apresentada na manh\u00e3 desta segunda-feira (06), durante encontro com diretores e vice-diretores<\/strong><\/em><\/p>\n\n\n\n<p>O prefeito Jos\u00e9 Ronaldo de Carvalho defende parceria com os professores da rede p\u00fablica municipal visando tornar o Ideb (\u00cdndice de Desenvolvimento da Educa\u00e7\u00e3o B\u00e1sica) de Feira de Santana o melhor do pa\u00eds. A proposta foi apresentada na manh\u00e3 desta segunda-feira (06), durante encontro com diretores e vice-diretores das 217 unidades de ensino mantidas pela administra\u00e7\u00e3o municipal, no audit\u00f3rio da Secretaria de Educa\u00e7\u00e3o.<\/p>\n\n\n\n<p>Ao lado do vice-prefeito e secret\u00e1rio de Educa\u00e7\u00e3o, Pablo Roberto, o prefeito Jos\u00e9 Ronaldo ressaltou que o desafio somente ser\u00e1 atingido com a uni\u00e3o de todos os professores da rede p\u00fablica municipal e solicitou aos dirigentes escolares que abracem a causa visando tornar a cidade cada vez melhor. \u201cNossa proposta \u00e9 que o Ideb de Feira seja conhecido como o melhor do pa\u00eds\u201d, afirmou.<\/p>\n\n\n\n<p>As a\u00e7\u00f5es visando melhorar o Ideb em Feira de Santana, conforme o prefeito, ser\u00e3o coordenadas diretamente pelo secret\u00e1rio Pablo Roberto, que est\u00e1 otimista com a capacidade t\u00e9cnica dos docentes para encarar o desafio.<\/p>\n\n\n\n<p>Diante do desafio, Jos\u00e9 Ronaldo ressaltou que a melhoria do Ideb de Feira somente vai acontecer com a uni\u00e3o de todos. \u201cS\u00f3 acontece se n\u00f3s abra\u00e7armos juntos esta causa. Fa\u00e7amos esta luta fazendo o melhor e, o que precisar ser feito, vamos fazer juntos\u201d, destacou<em><strong>. (SECOM\/PMFS)<\/strong><\/em><\/p>\n","protected":false},"excerpt":{"rendered":"<p>A proposta foi apresentada na manh\u00e3 desta segunda-feira (06), durante encontro com diretores e vice-diretores&hellip;<\/p>\n","protected":false},"author":2,"featured_media":19115,"comment_status":"open","ping_status":"open","sticky":false,"template":"","format":"standard","meta":{"footnotes":""},"categories":[72,58],"tags":[],"class_list":["post-19114","post","type-post","status-publish","format-standard","has-post-thumbnail","hentry","category-educacao","category-feira-de-santana"],"_links":{"self":[{"href":"https:\/\/atitudenoticias.com.br\/index.php?rest_route=\/wp\/v2\/posts\/19114","targetHints":{"allow":["GET"]}}],"collection":[{"href":"https:\/\/atitudenoticias.com.br\/index.php?rest_route=\/wp\/v2\/posts"}],"about":[{"href":"https:\/\/atitudenoticias.com.br\/index.php?rest_route=\/wp\/v2\/types\/post"}],"author":[{"embeddable":true,"href":"https:\/\/atitudenoticias.com.br\/index.php?rest_route=\/wp\/v2\/users\/2"}],"replies":[{"embeddable":true,"href":"https:\/\/atitudenoticias.com.br\/index.php?rest_route=%2Fwp%2Fv2%2Fcomments&post=19114"}],"version-history":[{"count":1,"href":"https:\/\/atitudenoticias.com.br\/index.php?rest_route=\/wp\/v2\/posts\/19114\/revisions"}],"predecessor-version":[{"id":19116,"href":"https:\/\/atitudenoticias.com.br\/index.php?rest_route=\/wp\/v2\/posts\/19114\/revisions\/19116"}],"wp:featuredmedia":[{"embeddable":true,"href":"https:\/\/atitudenoticias.com.br\/index.php?rest_route=\/wp\/v2\/media\/19115"}],"wp:attachment":[{"href":"https:\/\/atitudenoticias.com.br\/index.php?rest_route=%2Fwp%2Fv2%2Fmedia&parent=19114"}],"wp:term":[{"taxonomy":"category","embeddable":true,"href":"https:\/\/atitudenoticias.com.br\/index.php?rest_route=%2Fwp%2Fv2%2Fcategories&post=19114"},{"taxonomy":"post_tag","embeddable":true,"href":"https:\/\/atitudenoticias.com.br\/index.php?rest_route=%2Fwp%2Fv2%2Ftags&post=19114"}],"curies":[{"name":"wp","href":"https:\/\/api.w.org\/{rel}","templated":true}]}}