{"id":19141,"date":"2025-01-08T17:23:51","date_gmt":"2025-01-08T20:23:51","guid":{"rendered":"http:\/\/atitudenoticias.com.br\/?p=19141"},"modified":"2025-01-08T17:23:52","modified_gmt":"2025-01-08T20:23:52","slug":"prefeitura-acende-sinal-de-alerta-para-probabilidade-de-chuvas-intensas-nesta-semana","status":"publish","type":"post","link":"https:\/\/atitudenoticias.com.br\/?p=19141","title":{"rendered":"Prefeitura acende sinal de alerta para probabilidade de chuvas intensas nesta semana"},"content":{"rendered":"\n<p class=\"has-text-align-center wp-block-paragraph\"><em><strong>O Instituto Nacional de Meteorologia (Inmet) emitiu alerta sobre o fen\u00f4meno<\/strong><\/em><\/p>\n\n\n\n<p class=\"wp-block-paragraph\">A Prefeitura de Feira de Santana acendeu um sinal de alerta devido \u00e0 previs\u00e3o de um per\u00edodo de chuvas intensas que deve atingir o munic\u00edpio e outras regi\u00f5es do estado a partir desta semana. A situa\u00e7\u00e3o est\u00e1 associada \u00e0 atua\u00e7\u00e3o da Zona de Converg\u00eancia do Atl\u00e2ntico Sul (ZCAS), uma faixa de nebulosidade comum durante o ver\u00e3o e que pode durar de quatro a dez dias.<\/p>\n\n\n\n<p class=\"wp-block-paragraph\">O Instituto Nacional de Meteorologia (Inmet) emitiu alerta sobre o fen\u00f4meno, que come\u00e7ou a atingir cidades do Extremo-Oeste, Sul, Norte e Vale do S\u00e3o Francisco no \u00faltimo domingo (5) e deve se espalhar para o restante do estado nos pr\u00f3ximos dias. A ZCAS \u00e9 composta por uma frente fria em conjunto com outros sistemas atmosf\u00e9ricos e pode causar chuvas fortes, trov\u00f5es e rajadas de vento.<\/p>\n\n\n\n<p class=\"wp-block-paragraph\">As chuvas intensas preocupam o Governo Municipal devido ao risco de alagamentos e sobrecarga na rede de drenagem. A Defesa Civil de Feira de Santana refor\u00e7a a import\u00e2ncia de medidas preventivas, orientando a popula\u00e7\u00e3o a evitar \u00e1reas com ac\u00famulo de \u00e1gua e a redobrar a aten\u00e7\u00e3o com buracos e bueiros abertos. Tamb\u00e9m \u00e9 recomendado manter os quintais limpos e livres de entulhos que possam obstruir os bueiros.<\/p>\n\n\n\n<p class=\"wp-block-paragraph\"><strong>Orienta\u00e7\u00f5es importantes<\/strong><\/p>\n\n\n\n<p class=\"wp-block-paragraph\">Em caso de rajadas de vento, a Defesa Civil orienta a n\u00e3o se abrigar debaixo de \u00e1rvores, pois h\u00e1 risco de quedas e descargas el\u00e9tricas, al\u00e9m de evitar estacionar ve\u00edculos pr\u00f3ximos a torres de transmiss\u00e3o e placas de propaganda.<\/p>\n\n\n\n<p class=\"wp-block-paragraph\">Se houver chuvas fortes, a recomenda\u00e7\u00e3o \u00e9 procurar abrigo em local seguro e, caso seja necess\u00e1rio sair, utilizar roupas adequadas e dirigir com cautela. A popula\u00e7\u00e3o deve ficar atenta aos alertas meteorol\u00f3gicos e seguir as orienta\u00e7\u00f5es das autoridades para garantir a seguran\u00e7a.<\/p>\n\n\n\n<p class=\"wp-block-paragraph\">A Prefeitura refor\u00e7a que est\u00e1 monitorando a situa\u00e7\u00e3o e que a Defesa Civil est\u00e1 de prontid\u00e3o para atender poss\u00edveis emerg\u00eancias. Em caso de necessidade, os cidad\u00e3os podem entrar em contato pelo aplicativo Feira Conectada.\u00a0<strong><em> (SECOM\/PMFS)<\/em><\/strong><\/p>\n","protected":false},"excerpt":{"rendered":"<p>O Instituto Nacional de Meteorologia (Inmet) emitiu alerta sobre o fen\u00f4meno A Prefeitura de Feira&hellip;<\/p>\n","protected":false},"author":2,"featured_media":19142,"comment_status":"open","ping_status":"open","sticky":false,"template":"","format":"standard","meta":{"footnotes":""},"categories":[58],"tags":[],"class_list":["post-19141","post","type-post","status-publish","format-standard","has-post-thumbnail","hentry","category-feira-de-santana"],"_links":{"self":[{"href":"https:\/\/atitudenoticias.com.br\/index.php?rest_route=\/wp\/v2\/posts\/19141","targetHints":{"allow":["GET"]}}],"collection":[{"href":"https:\/\/atitudenoticias.com.br\/index.php?rest_route=\/wp\/v2\/posts"}],"about":[{"href":"https:\/\/atitudenoticias.com.br\/index.php?rest_route=\/wp\/v2\/types\/post"}],"author":[{"embeddable":true,"href":"https:\/\/atitudenoticias.com.br\/index.php?rest_route=\/wp\/v2\/users\/2"}],"replies":[{"embeddable":true,"href":"https:\/\/atitudenoticias.com.br\/index.php?rest_route=%2Fwp%2Fv2%2Fcomments&post=19141"}],"version-history":[{"count":1,"href":"https:\/\/atitudenoticias.com.br\/index.php?rest_route=\/wp\/v2\/posts\/19141\/revisions"}],"predecessor-version":[{"id":19143,"href":"https:\/\/atitudenoticias.com.br\/index.php?rest_route=\/wp\/v2\/posts\/19141\/revisions\/19143"}],"wp:featuredmedia":[{"embeddable":true,"href":"https:\/\/atitudenoticias.com.br\/index.php?rest_route=\/wp\/v2\/media\/19142"}],"wp:attachment":[{"href":"https:\/\/atitudenoticias.com.br\/index.php?rest_route=%2Fwp%2Fv2%2Fmedia&parent=19141"}],"wp:term":[{"taxonomy":"category","embeddable":true,"href":"https:\/\/atitudenoticias.com.br\/index.php?rest_route=%2Fwp%2Fv2%2Fcategories&post=19141"},{"taxonomy":"post_tag","embeddable":true,"href":"https:\/\/atitudenoticias.com.br\/index.php?rest_route=%2Fwp%2Fv2%2Ftags&post=19141"}],"curies":[{"name":"wp","href":"https:\/\/api.w.org\/{rel}","templated":true}]}}