{"id":19207,"date":"2025-01-14T11:30:04","date_gmt":"2025-01-14T14:30:04","guid":{"rendered":"http:\/\/atitudenoticias.com.br\/?p=19207"},"modified":"2025-01-14T17:36:07","modified_gmt":"2025-01-14T20:36:07","slug":"lula-sanciona-lei-que-proibe-uso-de-celulares-nas-escolas","status":"publish","type":"post","link":"https:\/\/atitudenoticias.com.br\/?p=19207","title":{"rendered":"Lula sanciona lei que pro\u00edbe uso de celulares nas escolas"},"content":{"rendered":"\n<p class=\"has-text-align-center\"><em><strong>Com a medida, celulares e aparelhos eletr\u00f4nicos n\u00e3o poder\u00e3o ser usados nem no intervalo, salvo em atividades did\u00e1ticas espec\u00edficas, emerg\u00eancias ou casos de acessibilidade e inclus\u00e3o<\/strong><\/em><\/p>\n\n\n\n<p>O presidente Luiz In\u00e1cio Lula da Silva (PT) sancionou nesta segunda-feira (13\/1) a lei que pro\u00edbe o uso de celulares e outros aparelhos eletr\u00f4nicos nas escolas. A medida vale tanto para a rede p\u00fablica quanto para a rede privada.<\/p>\n\n\n\n<p>Segundo Lula, a aprova\u00e7\u00e3o do texto foi um \u201cato de coragem\u201d, e ele disse ter duvidado que os congressistas aprovariam a medida, temendo repercuss\u00f5es nas redes sociais. Defendeu ainda que a proposta n\u00e3o vai prejudicar a forma\u00e7\u00e3o digital dos alunos. <\/p>\n\n\n\n<p>\u201cEu, muitas vezes, imaginei que os deputados e as deputadas n\u00e3o iriam ter coragem de aprovar essa lei com medo da internet. Porque hoje o deputado, a deputada, para votar uma coisa, ele fica pensando: \u201cquantos minutos eu vou apanhar na internet? Quantas pessoas v\u00e3o se engajar falando mal de mim?\u201d, comentou o presidente ao assinar o texto.<\/p>\n\n\n\n<p>A medida come\u00e7a a valer a partir de sua publica\u00e7\u00e3o, mas ter\u00e1 que ser regulamentada em at\u00e9 30 dias.<\/p>\n\n\n\n<p>Lula citou que outros pa\u00edses j\u00e1 aprovaram medidas no mesmo sentido, como a Fran\u00e7a, Espanha, Finl\u00e2ndia, Coreia do Sul e \u00c1frica do Sul. \u201cN\u00f3s vamos cuidar das nossas crian\u00e7as, vamos evitar mutilamento, que as crian\u00e7as possam voltar a brincar, possam voltar a interagir entre si, e eu acho isso muito importante\u201d, enfatizou. <\/p>\n\n\n\n<h3 class=\"wp-block-heading\">Entenda a proibi\u00e7\u00e3o<\/h3>\n\n\n\n<p>A medida pro\u00edbe o uso de celulares nas escolas, dentro e fora da sala de aula. \u201cFica proibido o uso, por estudantes, de aparelhos eletr\u00f4nicos port\u00e1teis pessoais durante a aula, o recreio ou intervalos entre as aulas, para todas as etapas da educa\u00e7\u00e3o b\u00e1sica\u201d, diz a lei.<\/p>\n\n\n\n<p>Al\u00e9m de celulares, portanto, a medida tamb\u00e9m vale para tablets, smartwatches, computadores e quaisquer outros dispositivos. As regras passam a valer tanto para as escolas p\u00fablicas quanto para as particulares.<\/p>\n\n\n\n<p>H\u00e1 exce\u00e7\u00f5es, contudo. Os aparelhos podem ser usados em sala sob orienta\u00e7\u00e3o dos professores para atividades exclusivamente pedag\u00f3gicas ou did\u00e1ticas, bem como em casos de emerg\u00eancia ou para garantir a acessibilidade, inclus\u00e3o, sa\u00fade e direitos fundamentais dos alunos.<\/p>\n\n\n\n<p>Al\u00e9m da restri\u00e7\u00e3o aos aparelhos, a lei determina que as escolas orientem os alunos em rela\u00e7\u00e3o aos riscos de sofrimento psicol\u00f3gico pelo uso excessivo de celulares e computadores, e treinar os professores e funcion\u00e1rios para detectar casos e ajudar os alunos.<\/p>\n\n\n\n<p><em><strong>(Correio Braziliense)<\/strong><\/em><\/p>\n","protected":false},"excerpt":{"rendered":"<p>Com a medida, celulares e aparelhos eletr\u00f4nicos n\u00e3o poder\u00e3o ser usados nem no intervalo, salvo&hellip;<\/p>\n","protected":false},"author":2,"featured_media":11153,"comment_status":"open","ping_status":"open","sticky":false,"template":"","format":"standard","meta":{"footnotes":""},"categories":[20,72,34],"tags":[],"class_list":["post-19207","post","type-post","status-publish","format-standard","has-post-thumbnail","hentry","category-brasil","category-educacao","category-tecnologia"],"_links":{"self":[{"href":"https:\/\/atitudenoticias.com.br\/index.php?rest_route=\/wp\/v2\/posts\/19207","targetHints":{"allow":["GET"]}}],"collection":[{"href":"https:\/\/atitudenoticias.com.br\/index.php?rest_route=\/wp\/v2\/posts"}],"about":[{"href":"https:\/\/atitudenoticias.com.br\/index.php?rest_route=\/wp\/v2\/types\/post"}],"author":[{"embeddable":true,"href":"https:\/\/atitudenoticias.com.br\/index.php?rest_route=\/wp\/v2\/users\/2"}],"replies":[{"embeddable":true,"href":"https:\/\/atitudenoticias.com.br\/index.php?rest_route=%2Fwp%2Fv2%2Fcomments&post=19207"}],"version-history":[{"count":1,"href":"https:\/\/atitudenoticias.com.br\/index.php?rest_route=\/wp\/v2\/posts\/19207\/revisions"}],"predecessor-version":[{"id":19208,"href":"https:\/\/atitudenoticias.com.br\/index.php?rest_route=\/wp\/v2\/posts\/19207\/revisions\/19208"}],"wp:featuredmedia":[{"embeddable":true,"href":"https:\/\/atitudenoticias.com.br\/index.php?rest_route=\/wp\/v2\/media\/11153"}],"wp:attachment":[{"href":"https:\/\/atitudenoticias.com.br\/index.php?rest_route=%2Fwp%2Fv2%2Fmedia&parent=19207"}],"wp:term":[{"taxonomy":"category","embeddable":true,"href":"https:\/\/atitudenoticias.com.br\/index.php?rest_route=%2Fwp%2Fv2%2Fcategories&post=19207"},{"taxonomy":"post_tag","embeddable":true,"href":"https:\/\/atitudenoticias.com.br\/index.php?rest_route=%2Fwp%2Fv2%2Ftags&post=19207"}],"curies":[{"name":"wp","href":"https:\/\/api.w.org\/{rel}","templated":true}]}}