{"id":1935,"date":"2022-06-11T02:30:40","date_gmt":"2022-06-11T02:30:40","guid":{"rendered":"http:\/\/atitudenoticias.com.br\/?p=1935"},"modified":"2022-06-11T02:32:29","modified_gmt":"2022-06-11T02:32:29","slug":"dona-da-ricardo-eletro-reverte-na-justica-decisao-que-decretou-sua-falencia","status":"publish","type":"post","link":"https:\/\/atitudenoticias.com.br\/?p=1935","title":{"rendered":"Dona da Ricardo Eletro reverte na Justi\u00e7a decis\u00e3o que decretou sua fal\u00eancia"},"content":{"rendered":"\n<p class=\"has-medium-font-size wp-block-paragraph\"><strong><em>A companhia agora volta a ser um neg\u00f3cio em recupera\u00e7\u00e3o judicial<\/em><\/strong><\/p>\n\n\n\n<p class=\"wp-block-paragraph\">A M\u00e1quina de Vendas conseguiu reverter a decis\u00e3o judicial que decretava a sua fal\u00eancia. Em decis\u00e3o publicada nesta sexta-feira, 10, o Tribunal de Justi\u00e7a de S\u00e3o Paulo aceitou os argumentos da dona da marca Ricardo Eletro. A companhia agora volta a ser um neg\u00f3cio em recupera\u00e7\u00e3o judicial.<\/p>\n\n\n\n<p class=\"wp-block-paragraph\">O presidente e controlador da M\u00e1quina de Vendas, Pedro Bianchi, afirmou ao Estad\u00e3o que, com a revers\u00e3o, a empresa levar\u00e1 adiante os planos de voltar a ampliar a opera\u00e7\u00e3o,&nbsp;<a href=\"https:\/\/www.correio24horas.com.br\/noticia\/nid\/em-recuperacao-judicial-ricardo-eletro-tenta-sair-do-fundo-do-poco\/\">que hoje se resume a um site com poucos produtos<\/a>. &#8220;Os fundamentos (da decis\u00e3o) do juiz est\u00e3o suspensos, mas isso n\u00e3o significa que a nossa vida ser\u00e1 f\u00e1cil. Estamos com muitos temas a enfrentar, mas o melhor \u00e9 que estamos com a opera\u00e7\u00e3o viva&#8221;, diz Bianchi.<\/p>\n\n\n\n<p class=\"wp-block-paragraph\">De acordo com Bianchi, nenhum dos 17 mil credores pediu a fal\u00eancia da companhia, que segue com os planos de retomar as opera\u00e7\u00f5es nas pr\u00f3ximas semanas. O Estad\u00e3o conversou com um credor da empresa, que afirmou que realmente n\u00e3o tinha inten\u00e7\u00e3o de pedir a fal\u00eancia da M\u00e1quina de Vendas.<\/p>\n\n\n\n<p class=\"wp-block-paragraph\">\u00c9 um caminho ladeira acima e em um patamar muito diferente do j\u00e1 visto pelo neg\u00f3cio em seu auge. A M\u00e1quina de Vendas, que chegou a ter 1,2 mil lojas e a faturar R$ 9,5 bilh\u00f5es, rivalizando com gigantes como Casas Bahia, Ponto e Magazine Luiza. A companhia, al\u00e9m da Ricardo Eletro, tamb\u00e9m concentrava bandeiras como CityLar e Insinuante. <\/p>\n","protected":false},"excerpt":{"rendered":"<p>A companhia agora volta a ser um neg\u00f3cio em recupera\u00e7\u00e3o judicial A M\u00e1quina de Vendas&hellip;<\/p>\n","protected":false},"author":2,"featured_media":1938,"comment_status":"open","ping_status":"open","sticky":false,"template":"","format":"standard","meta":{"footnotes":""},"categories":[56,62],"tags":[],"class_list":["post-1935","post","type-post","status-publish","format-standard","has-post-thumbnail","hentry","category-economia","category-justica"],"_links":{"self":[{"href":"https:\/\/atitudenoticias.com.br\/index.php?rest_route=\/wp\/v2\/posts\/1935","targetHints":{"allow":["GET"]}}],"collection":[{"href":"https:\/\/atitudenoticias.com.br\/index.php?rest_route=\/wp\/v2\/posts"}],"about":[{"href":"https:\/\/atitudenoticias.com.br\/index.php?rest_route=\/wp\/v2\/types\/post"}],"author":[{"embeddable":true,"href":"https:\/\/atitudenoticias.com.br\/index.php?rest_route=\/wp\/v2\/users\/2"}],"replies":[{"embeddable":true,"href":"https:\/\/atitudenoticias.com.br\/index.php?rest_route=%2Fwp%2Fv2%2Fcomments&post=1935"}],"version-history":[{"count":2,"href":"https:\/\/atitudenoticias.com.br\/index.php?rest_route=\/wp\/v2\/posts\/1935\/revisions"}],"predecessor-version":[{"id":1939,"href":"https:\/\/atitudenoticias.com.br\/index.php?rest_route=\/wp\/v2\/posts\/1935\/revisions\/1939"}],"wp:featuredmedia":[{"embeddable":true,"href":"https:\/\/atitudenoticias.com.br\/index.php?rest_route=\/wp\/v2\/media\/1938"}],"wp:attachment":[{"href":"https:\/\/atitudenoticias.com.br\/index.php?rest_route=%2Fwp%2Fv2%2Fmedia&parent=1935"}],"wp:term":[{"taxonomy":"category","embeddable":true,"href":"https:\/\/atitudenoticias.com.br\/index.php?rest_route=%2Fwp%2Fv2%2Fcategories&post=1935"},{"taxonomy":"post_tag","embeddable":true,"href":"https:\/\/atitudenoticias.com.br\/index.php?rest_route=%2Fwp%2Fv2%2Ftags&post=1935"}],"curies":[{"name":"wp","href":"https:\/\/api.w.org\/{rel}","templated":true}]}}