{"id":19363,"date":"2025-01-29T18:53:04","date_gmt":"2025-01-29T21:53:04","guid":{"rendered":"http:\/\/atitudenoticias.com.br\/?p=19363"},"modified":"2025-01-29T18:53:29","modified_gmt":"2025-01-29T21:53:29","slug":"jornada-pedagogica-reune-profissionais-da-rede-municipal-entre-os-dias-3-e-5-de-fevereiro","status":"publish","type":"post","link":"https:\/\/atitudenoticias.com.br\/?p=19363","title":{"rendered":"Jornada Pedag\u00f3gica re\u00fane profissionais da rede municipal entre os dias 3 e 5 de fevereiro"},"content":{"rendered":"\n<p class=\"has-text-align-center\"><strong><em>Rossandro Klinjey abre programa\u00e7\u00e3o com palestra sobre resili\u00eancia e bem-estar docente<\/em><\/strong><\/p>\n\n\n\n<p>A Secretaria Municipal de Educa\u00e7\u00e3o de Feira de Santana realiza entre a pr\u00f3xima segunda-feira (3) e quarta (5) a Jornada Pedag\u00f3gica 2025. O evento marca o retorno das atividades para os profissionais da rede municipal, al\u00e9m da prepara\u00e7\u00e3o para o ano letivo &#8211; que ser\u00e1 iniciado no dia 6 de fevereiro. A abertura do evento vai reunir mais de 3 mil professores no Cajueiro Conven\u00e7\u00f5es, a partir das 13h.<\/p>\n\n\n\n<p>Este ano o evento aborda o tema: &#8220;Inspirar caminhos e transformar vidas: cuidar de quem educa na busca da educa\u00e7\u00e3o p\u00fablica de qualidade&#8221;. A Jornada Pedag\u00f3gica re\u00fane os profissionais de acordo com sua atua\u00e7\u00e3o nas modalidades da educa\u00e7\u00e3o b\u00e1sica \u2013 desde a Educa\u00e7\u00e3o Infantil \u00e0 EJA (Educa\u00e7\u00e3o de Jovens e Adultos). Nos dias 4 e 5 a programa\u00e7\u00e3o continua nas escolas.<\/p>\n\n\n\n<p>O primeiro dia do evento conta com a presen\u00e7a do prefeito Jos\u00e9 Ronaldo de Carvalho e do secret\u00e1rio de Educa\u00e7\u00e3o e vice-prefeito Pablo Roberto. Entre os palestrantes, o psic\u00f3logo e escritor, Rossandro Klinjey. Confira a programa\u00e7\u00e3o do primeiro dia completa abaixo.<\/p>\n\n\n\n<p>SEGUNDA-FEIRA(03\/02)<br>Programa\u00e7\u00e3o:<br>13h \u2013 Recep\u00e7\u00e3o e credenciamento<br>14h \u2013 Abertura oficial com a presen\u00e7a do prefeito Jos\u00e9 Ronaldo e do secret\u00e1rio de Educa\u00e7\u00e3o Pablo Roberto<br>15h &#8211; Palestra com Rossandro Klinjey: \u201cResili\u00eancia e educa\u00e7\u00e3o: bem-estar do professor e educa\u00e7\u00e3o de qualidade&#8221;<br>16h15 &#8211; Palestra com Alana Freitas: &#8220;Ler e escrever, muito prazer: O chamado da linguagem&#8221;<br>17h \u2013 Coffee Break e encerramento cultural com o grupo TURMA DO DEND\u00ca<br>18h \u2013 Encerramento<\/p>\n\n\n\n<p><\/p>\n","protected":false},"excerpt":{"rendered":"<p>Rossandro Klinjey abre programa\u00e7\u00e3o com palestra sobre resili\u00eancia e bem-estar docente A Secretaria Municipal de&hellip;<\/p>\n","protected":false},"author":2,"featured_media":19364,"comment_status":"open","ping_status":"open","sticky":false,"template":"","format":"standard","meta":{"footnotes":""},"categories":[72],"tags":[],"class_list":["post-19363","post","type-post","status-publish","format-standard","has-post-thumbnail","hentry","category-educacao"],"_links":{"self":[{"href":"https:\/\/atitudenoticias.com.br\/index.php?rest_route=\/wp\/v2\/posts\/19363","targetHints":{"allow":["GET"]}}],"collection":[{"href":"https:\/\/atitudenoticias.com.br\/index.php?rest_route=\/wp\/v2\/posts"}],"about":[{"href":"https:\/\/atitudenoticias.com.br\/index.php?rest_route=\/wp\/v2\/types\/post"}],"author":[{"embeddable":true,"href":"https:\/\/atitudenoticias.com.br\/index.php?rest_route=\/wp\/v2\/users\/2"}],"replies":[{"embeddable":true,"href":"https:\/\/atitudenoticias.com.br\/index.php?rest_route=%2Fwp%2Fv2%2Fcomments&post=19363"}],"version-history":[{"count":1,"href":"https:\/\/atitudenoticias.com.br\/index.php?rest_route=\/wp\/v2\/posts\/19363\/revisions"}],"predecessor-version":[{"id":19365,"href":"https:\/\/atitudenoticias.com.br\/index.php?rest_route=\/wp\/v2\/posts\/19363\/revisions\/19365"}],"wp:featuredmedia":[{"embeddable":true,"href":"https:\/\/atitudenoticias.com.br\/index.php?rest_route=\/wp\/v2\/media\/19364"}],"wp:attachment":[{"href":"https:\/\/atitudenoticias.com.br\/index.php?rest_route=%2Fwp%2Fv2%2Fmedia&parent=19363"}],"wp:term":[{"taxonomy":"category","embeddable":true,"href":"https:\/\/atitudenoticias.com.br\/index.php?rest_route=%2Fwp%2Fv2%2Fcategories&post=19363"},{"taxonomy":"post_tag","embeddable":true,"href":"https:\/\/atitudenoticias.com.br\/index.php?rest_route=%2Fwp%2Fv2%2Ftags&post=19363"}],"curies":[{"name":"wp","href":"https:\/\/api.w.org\/{rel}","templated":true}]}}