{"id":19366,"date":"2025-01-30T17:23:41","date_gmt":"2025-01-30T20:23:41","guid":{"rendered":"http:\/\/atitudenoticias.com.br\/?p=19366"},"modified":"2025-01-30T17:23:42","modified_gmt":"2025-01-30T20:23:42","slug":"jornada-de-empregabilidade-vai-preparar-trabalhador-para-processo-seletivo","status":"publish","type":"post","link":"https:\/\/atitudenoticias.com.br\/?p=19366","title":{"rendered":"Jornada de Empregabilidade vai preparar trabalhador para processo seletivo"},"content":{"rendered":"\n<p class=\"has-text-align-center\"><em><strong>Iniciativa tem como objetivo preparar jovens e trabalhadores para o mercado<\/strong><\/em><\/p>\n\n\n\n<p>A Casa do Trabalhador vai promover uma Jornada de Empregabilidade e Treinamento, entre os dias 3 e 5 de fevereiro. A iniciativa, com foco no processo seletivo, tem como objetivo preparar jovens e trabalhadores para o mercado, que est\u00e1 cada vez mais competitivo e exigente na forma\u00e7\u00e3o e na qualifica\u00e7\u00e3o.<\/p>\n\n\n\n<p>Ser\u00e3o oferecidas 20 vagas. As inscri\u00e7\u00f5es podem ser feitas na Casa do Trabalhador, localizada \u00e0 Rua Desembargador Felinto Bastos (antiga Rua da Aurora), em hor\u00e1rio comercial. No momento da inscri\u00e7\u00e3o, o interessado deve apresentar documentos pessoais.<\/p>\n\n\n\n<p>O diretor da Casa do Trabalhador, Magno Felzemburg, disse que um dos problemas mais comuns entre os trabalhadores \u00e9 a falta de preparo e conhecimentos, e que iniciativas semelhantes, promovidas pela Secretaria do Trabalho, Turismo e Desenvolvimento Econ\u00f4mico, buscam corrigir essa falha.<\/p>\n\n\n\n<p>Quem participar da jornada, que ser\u00e1 realizada em parceria com a Prepara Cursos, disse o diretor, ter\u00e1 a oportunidade \u00fanica de se preparar para o primeiro contato com uma empresa, que \u00e9 a etapa da sele\u00e7\u00e3o dos candidatos \u00e0s vagas dispon\u00edveis, quando grande parte, por n\u00e3o atender \u00e0s expectativas do poss\u00edvel empregador, \u00e9 dispensada.<\/p>\n\n\n\n<p>Como exemplo, cita uma sele\u00e7\u00e3o realizada por uma empresa do setor de telemarketing, com filial em Feira de Santana, quando cem pessoas participaram desse processo e apenas 30 passaram \u00e0 fase seguinte. A Casa do Trabalhador \u00e9 um \u00f3rg\u00e3o\u00a0da Secretaria de Trabalho, Turismo e Desenvolvimento Econ\u00f4mico.<em><strong> (SECOM\/PMFS)<\/strong><\/em><\/p>\n\n\n\n<p><\/p>\n","protected":false},"excerpt":{"rendered":"<p>Iniciativa tem como objetivo preparar jovens e trabalhadores para o mercado A Casa do Trabalhador&hellip;<\/p>\n","protected":false},"author":2,"featured_media":19367,"comment_status":"open","ping_status":"open","sticky":false,"template":"","format":"standard","meta":{"footnotes":""},"categories":[33,58],"tags":[],"class_list":["post-19366","post","type-post","status-publish","format-standard","has-post-thumbnail","hentry","category-emprego","category-feira-de-santana"],"_links":{"self":[{"href":"https:\/\/atitudenoticias.com.br\/index.php?rest_route=\/wp\/v2\/posts\/19366","targetHints":{"allow":["GET"]}}],"collection":[{"href":"https:\/\/atitudenoticias.com.br\/index.php?rest_route=\/wp\/v2\/posts"}],"about":[{"href":"https:\/\/atitudenoticias.com.br\/index.php?rest_route=\/wp\/v2\/types\/post"}],"author":[{"embeddable":true,"href":"https:\/\/atitudenoticias.com.br\/index.php?rest_route=\/wp\/v2\/users\/2"}],"replies":[{"embeddable":true,"href":"https:\/\/atitudenoticias.com.br\/index.php?rest_route=%2Fwp%2Fv2%2Fcomments&post=19366"}],"version-history":[{"count":1,"href":"https:\/\/atitudenoticias.com.br\/index.php?rest_route=\/wp\/v2\/posts\/19366\/revisions"}],"predecessor-version":[{"id":19368,"href":"https:\/\/atitudenoticias.com.br\/index.php?rest_route=\/wp\/v2\/posts\/19366\/revisions\/19368"}],"wp:featuredmedia":[{"embeddable":true,"href":"https:\/\/atitudenoticias.com.br\/index.php?rest_route=\/wp\/v2\/media\/19367"}],"wp:attachment":[{"href":"https:\/\/atitudenoticias.com.br\/index.php?rest_route=%2Fwp%2Fv2%2Fmedia&parent=19366"}],"wp:term":[{"taxonomy":"category","embeddable":true,"href":"https:\/\/atitudenoticias.com.br\/index.php?rest_route=%2Fwp%2Fv2%2Fcategories&post=19366"},{"taxonomy":"post_tag","embeddable":true,"href":"https:\/\/atitudenoticias.com.br\/index.php?rest_route=%2Fwp%2Fv2%2Ftags&post=19366"}],"curies":[{"name":"wp","href":"https:\/\/api.w.org\/{rel}","templated":true}]}}