{"id":19645,"date":"2025-02-21T12:56:18","date_gmt":"2025-02-21T15:56:18","guid":{"rendered":"http:\/\/atitudenoticias.com.br\/?p=19645"},"modified":"2025-02-21T13:12:37","modified_gmt":"2025-02-21T16:12:37","slug":"lider-do-trafico-e-preso-com-ar-condicionado-da-camara-municipal-e-moto-roubada","status":"publish","type":"post","link":"https:\/\/atitudenoticias.com.br\/?p=19645","title":{"rendered":"L\u00edder do tr\u00e1fico \u00e9 preso com moto roubada e ar-condicionado da C\u00e2mara Municipal de Feira de Santana"},"content":{"rendered":"\n<p class=\"has-text-align-center\"><strong><em>Em depoimento, Decinho confessou ter recebido o ar-condicionado como forma de pagamento&nbsp;na venda de drogas <\/em><\/strong><\/p>\n\n\n\n<p>Em uma opera\u00e7\u00e3o conjunta entre as equipes do DENARC de Salvador e a DT de Feira de Santana, a pol\u00edcia prendeu, na manh\u00e3  sexta-feira (21), um indiv\u00edduo apontado como um dos l\u00edderes do tr\u00e1fico de drogas na regi\u00e3o do Vietn\u00e3, em Feira de Santana.<\/p>\n\n\n\n<p>Durante o cumprimento de tr\u00eas mandados de busca e apreens\u00e3o, foram apreendidas por\u00e7\u00f5es de maconha, coca\u00edna e crack, al\u00e9m de uma pistola calibre 9mm e uma espingarda artesanal. A pol\u00edcia tamb\u00e9m encontrou, em uma ch\u00e1cara na divisa entre Feira de Santana e S\u00e3o Gon\u00e7alo dos Campos, uma moto com restri\u00e7\u00e3o de roubo e um ar-condicionado com tombamento da C\u00e2mara Municipal de Feira de Santana.<\/p>\n\n\n\n<figure class=\"wp-block-image size-full\"><img fetchpriority=\"high\" decoding=\"async\" width=\"768\" height=\"384\" src=\"http:\/\/atitudenoticias.com.br\/wp-content\/uploads\/2025\/02\/apreensao-Policia-Civil-FSA-Foto-Denivaldo-Costa.jpg\" alt=\"\" class=\"wp-image-19652\" srcset=\"https:\/\/atitudenoticias.com.br\/wp-content\/uploads\/2025\/02\/apreensao-Policia-Civil-FSA-Foto-Denivaldo-Costa.jpg 768w, https:\/\/atitudenoticias.com.br\/wp-content\/uploads\/2025\/02\/apreensao-Policia-Civil-FSA-Foto-Denivaldo-Costa-300x150.jpg 300w, https:\/\/atitudenoticias.com.br\/wp-content\/uploads\/2025\/02\/apreensao-Policia-Civil-FSA-Foto-Denivaldo-Costa-585x293.jpg 585w\" sizes=\"(max-width: 768px) 100vw, 768px\" \/><\/figure>\n\n\n\n<p>O delegado David Lopes, titular da Delegacia de T\u00f3xicos e Entorpecentes, informou que o traficante Decinho j\u00e1 vinha sendo investigado h\u00e1 um longo tempo e \u00e9 apontado como um dos respons\u00e1veis por diversos homic\u00eddios na regi\u00e3o do Vietn\u00e3, em Feira de Santana.\u00a0<\/p>\n\n\n\n<p>Em depoimento, o traficante confessou ter recebido o ar-condicionado como forma de pagamento pela venda de entorpecentes. Ele tamb\u00e9m admitiu ser o propriet\u00e1rio dos demais itens apreendidos, mas negou saber da origem il\u00edcita da moto.<\/p>\n\n\n\n<figure class=\"wp-block-image size-full\"><img decoding=\"async\" width=\"768\" height=\"576\" src=\"http:\/\/atitudenoticias.com.br\/wp-content\/uploads\/2025\/02\/Moto-e-ArCondicionado-apreendidos-em-FSA-Foto-Denivaldo-Costa.jpg\" alt=\"\" class=\"wp-image-19647\" srcset=\"https:\/\/atitudenoticias.com.br\/wp-content\/uploads\/2025\/02\/Moto-e-ArCondicionado-apreendidos-em-FSA-Foto-Denivaldo-Costa.jpg 768w, https:\/\/atitudenoticias.com.br\/wp-content\/uploads\/2025\/02\/Moto-e-ArCondicionado-apreendidos-em-FSA-Foto-Denivaldo-Costa-300x225.jpg 300w, https:\/\/atitudenoticias.com.br\/wp-content\/uploads\/2025\/02\/Moto-e-ArCondicionado-apreendidos-em-FSA-Foto-Denivaldo-Costa-585x439.jpg 585w\" sizes=\"(max-width: 768px) 100vw, 768px\" \/><\/figure>\n\n\n\n<p><strong><em>Blog Central de Pol\u00edcia, informa\u00e7\u00f5es e fotos de Denivaldo Costa (R\u00e1dio Suba\u00e9)<\/em><\/strong><\/p>\n","protected":false},"excerpt":{"rendered":"<p>Em depoimento, Decinho confessou ter recebido o ar-condicionado como forma de pagamento&nbsp;na venda de drogas&hellip;<\/p>\n","protected":false},"author":2,"featured_media":19646,"comment_status":"open","ping_status":"open","sticky":false,"template":"","format":"standard","meta":{"footnotes":""},"categories":[60],"tags":[],"class_list":["post-19645","post","type-post","status-publish","format-standard","has-post-thumbnail","hentry","category-policia"],"_links":{"self":[{"href":"https:\/\/atitudenoticias.com.br\/index.php?rest_route=\/wp\/v2\/posts\/19645","targetHints":{"allow":["GET"]}}],"collection":[{"href":"https:\/\/atitudenoticias.com.br\/index.php?rest_route=\/wp\/v2\/posts"}],"about":[{"href":"https:\/\/atitudenoticias.com.br\/index.php?rest_route=\/wp\/v2\/types\/post"}],"author":[{"embeddable":true,"href":"https:\/\/atitudenoticias.com.br\/index.php?rest_route=\/wp\/v2\/users\/2"}],"replies":[{"embeddable":true,"href":"https:\/\/atitudenoticias.com.br\/index.php?rest_route=%2Fwp%2Fv2%2Fcomments&post=19645"}],"version-history":[{"count":4,"href":"https:\/\/atitudenoticias.com.br\/index.php?rest_route=\/wp\/v2\/posts\/19645\/revisions"}],"predecessor-version":[{"id":19655,"href":"https:\/\/atitudenoticias.com.br\/index.php?rest_route=\/wp\/v2\/posts\/19645\/revisions\/19655"}],"wp:featuredmedia":[{"embeddable":true,"href":"https:\/\/atitudenoticias.com.br\/index.php?rest_route=\/wp\/v2\/media\/19646"}],"wp:attachment":[{"href":"https:\/\/atitudenoticias.com.br\/index.php?rest_route=%2Fwp%2Fv2%2Fmedia&parent=19645"}],"wp:term":[{"taxonomy":"category","embeddable":true,"href":"https:\/\/atitudenoticias.com.br\/index.php?rest_route=%2Fwp%2Fv2%2Fcategories&post=19645"},{"taxonomy":"post_tag","embeddable":true,"href":"https:\/\/atitudenoticias.com.br\/index.php?rest_route=%2Fwp%2Fv2%2Ftags&post=19645"}],"curies":[{"name":"wp","href":"https:\/\/api.w.org\/{rel}","templated":true}]}}