{"id":1984,"date":"2022-06-11T16:55:26","date_gmt":"2022-06-11T16:55:26","guid":{"rendered":"http:\/\/atitudenoticias.com.br\/?p=1984"},"modified":"2022-06-11T16:55:28","modified_gmt":"2022-06-11T16:55:28","slug":"dorival-junior-celebra-chegada-ao-flamengo","status":"publish","type":"post","link":"https:\/\/atitudenoticias.com.br\/?p=1984","title":{"rendered":"Dorival J\u00fanior celebra chegada ao Flamengo"},"content":{"rendered":"\n<p class=\"has-medium-font-size\">Treinador foi anunciado pelo Rubro-Negro nesta sexta-feira e tamb\u00e9m destacou a qualidade do elenco da equipe<\/p>\n\n\n\n<p>O&nbsp;<strong>Flamengo&nbsp;<\/strong>anunciou Dorival J\u00fanior nesta sexta-feira para substituir Paulo Sousa no comando da equipe. Em sua primeira entrevista como treinador do<strong>&nbsp;Rubro-Negro<\/strong>, ele revelou aos canais oficias do clube que esperava um retorno ao time e que deseja uma temporada vitoriosa.<\/p>\n\n\n\n<p>&#8220;Acho que em momento nenhum eu me desliguei do clube depois da minha \u00faltima passagem. Botei na minha cabe\u00e7a que um dia eu retornaria ao Flamengo. Para mim \u00e9 uma satisfa\u00e7\u00e3o, um prazer, vivenciar novamente um momento como esse. Espero poder retribuir a confian\u00e7a da diretoria, da torcida e dos jogadores, para que busquemos um caminho e uma possibilidade real de lutar por conquistas. Voltamos com esse objetivo. Muito trabalho e intensidade, buscando fazer meu melhor num clube que eu nunca deixei de imaginar que um dia eu pudesse voltar&#8221;, contou\u00a0<strong>Dorival J\u00fanior<\/strong>.<\/p>\n\n\n\n<p>O treinador tamb\u00e9m comentou sobre a qualidade do elenco do&nbsp;<strong>Flamengo<\/strong>. Dorival destacou a equipe como &#8216;uma das melhores do pa\u00eds&#8217; e pediu confian\u00e7a aos torcedores rubro-negros para o clube estar brigando por t\u00edtulos na temporada.<\/p>\n\n\n\n<p>&#8220;Acho que \u00e9 um dos melhores elencos do pa\u00eds, um grupo muito forte. N\u00e3o tenho d\u00favidas que o objetivo principal \u00e9 estar brigando nas melhores coloca\u00e7\u00f5es nas competi\u00e7\u00f5es que dispute. Temos que encontrar esse caminho e vamos fazer de tudo para que aconte\u00e7a. Confiem, acreditem, porque a equipe \u00e9 muito boa, n\u00f3s temos \u00f3timos jogadores. Um grupo vitorioso e apenas resgatemos esse esp\u00edrito, que ele de repente adormece. Mas, daqui a pouco fatalmente estaremos na disputa das competi\u00e7\u00f5es. Com muito trabalho, dedica\u00e7\u00e3o e, principalmente, coragem&#8221;,&nbsp;destacou o treinador.<\/p>\n\n\n\n<p class=\"has-normal-font-size\">O Flamengo volta a campo neste s\u00e1bado pela 11\u00aa rodada do\u00a0<strong>Brasileir\u00e3o<\/strong>. Dorival far\u00e1 sua estreia no comando da equipe contra o Internacional, no Beira-Rio, em duelo marcado para \u00e0s 21h. At\u00e9 aqui, o clube somou tr\u00eas vit\u00f3rias, quatro empates e tr\u00eas derrotas no campeonato. (Lance)<\/p>\n\n\n\n<p><\/p>\n","protected":false},"excerpt":{"rendered":"<p>Treinador foi anunciado pelo Rubro-Negro nesta sexta-feira e tamb\u00e9m destacou a qualidade do elenco da&hellip;<\/p>\n","protected":false},"author":2,"featured_media":1985,"comment_status":"open","ping_status":"open","sticky":false,"template":"","format":"standard","meta":{"footnotes":""},"categories":[26],"tags":[],"class_list":["post-1984","post","type-post","status-publish","format-standard","has-post-thumbnail","hentry","category-esportes"],"_links":{"self":[{"href":"https:\/\/atitudenoticias.com.br\/index.php?rest_route=\/wp\/v2\/posts\/1984","targetHints":{"allow":["GET"]}}],"collection":[{"href":"https:\/\/atitudenoticias.com.br\/index.php?rest_route=\/wp\/v2\/posts"}],"about":[{"href":"https:\/\/atitudenoticias.com.br\/index.php?rest_route=\/wp\/v2\/types\/post"}],"author":[{"embeddable":true,"href":"https:\/\/atitudenoticias.com.br\/index.php?rest_route=\/wp\/v2\/users\/2"}],"replies":[{"embeddable":true,"href":"https:\/\/atitudenoticias.com.br\/index.php?rest_route=%2Fwp%2Fv2%2Fcomments&post=1984"}],"version-history":[{"count":1,"href":"https:\/\/atitudenoticias.com.br\/index.php?rest_route=\/wp\/v2\/posts\/1984\/revisions"}],"predecessor-version":[{"id":1986,"href":"https:\/\/atitudenoticias.com.br\/index.php?rest_route=\/wp\/v2\/posts\/1984\/revisions\/1986"}],"wp:featuredmedia":[{"embeddable":true,"href":"https:\/\/atitudenoticias.com.br\/index.php?rest_route=\/wp\/v2\/media\/1985"}],"wp:attachment":[{"href":"https:\/\/atitudenoticias.com.br\/index.php?rest_route=%2Fwp%2Fv2%2Fmedia&parent=1984"}],"wp:term":[{"taxonomy":"category","embeddable":true,"href":"https:\/\/atitudenoticias.com.br\/index.php?rest_route=%2Fwp%2Fv2%2Fcategories&post=1984"},{"taxonomy":"post_tag","embeddable":true,"href":"https:\/\/atitudenoticias.com.br\/index.php?rest_route=%2Fwp%2Fv2%2Ftags&post=1984"}],"curies":[{"name":"wp","href":"https:\/\/api.w.org\/{rel}","templated":true}]}}